{"id":43234,"date":"2025-07-03T22:31:59","date_gmt":"2025-07-03T20:31:59","guid":{"rendered":"https:\/\/centralmedia.rs\/?p=43234"},"modified":"2025-07-03T22:32:00","modified_gmt":"2025-07-03T20:32:00","slug":"zlatibor-leto-2025","status":"publish","type":"post","link":"https:\/\/centralmedia.rs\/index.php\/2025\/07\/03\/zlatibor-leto-2025\/","title":{"rendered":"ZLATIBOR \u2013 LETO 2025."},"content":{"rendered":"\n<p>Letnja sezona na Zlatiboru iz godine u godinu donosi bezbroj mogu\u0107nosti za zabavu, a Op\u0161tina \u010cajetina i Turisti\u010dka organizacija Zlatibor potrudile su se da uz bogat program i ovo leto bude ispunjeno velikim brojem sadr\u017eaja za sve uzraste.<\/p>\n\n\n\n<figure class=\"wp-block-image size-full\"><img loading=\"lazy\" decoding=\"async\" width=\"400\" height=\"566\" src=\"http:\/\/centralmedia.rs\/wp-content\/uploads\/2025\/07\/leto.jpg\" alt=\"\" class=\"wp-image-43235\" srcset=\"https:\/\/centralmedia.rs\/wp-content\/uploads\/2025\/07\/leto.jpg 400w, https:\/\/centralmedia.rs\/wp-content\/uploads\/2025\/07\/leto-212x300.jpg 212w\" sizes=\"(max-width: 400px) 100vw, 400px\" \/><\/figure>\n\n\n\n<p>Centar svih de\u0161avanja kao i uvek bi\u0107e dobro poznata lokacija, Kraljev trg na Zlatiboru, na kom \u0107e se gotovo svakodnevno tokom jula i avgusta odr\u017eavati veliki broj koncerata dobro poznatih izvo\u0111a\u010da.<\/p>\n\n\n\n<p>Kao \u0161to su turisti do sada i navikli, prepremljene su i brojne inovacije, a ove godine posebno \u0107e se izdvojiti \u201eDe\u010diji letnji festival\u201c na \u010dijoj bini \u0107e se svakodnevno odr\u017eavati veliki broj edukativnih i zabavnih radionica i predstava za najmla\u0111e posetioce Zlatibora.<\/p>\n\n\n\n<p>Jo\u0161 jedna od novina jesu i besplatne animacije kroz koje \u0107e turisti dobiti priliku da bli\u017ee upoznaju istoriju Zlatibora, da \u0161etaju njegovim prostranstvima i nau\u010de vi\u0161e o tradicionalnim igrama ovih krajeva.<\/p>\n\n\n\n<p>Pored turisti\u010dkog centra, na brojnim lokalitetima \u0161irom Zlatibora odr\u017eava\u0107e se manifestacije i koncerti koji \u0107e ispuniti ovo leto na Zlatiboru i u\u010diniti ga nezaboravnim.<\/p>\n","protected":false},"excerpt":{"rendered":"<p>Letnja sezona na Zlatiboru iz godine u godinu donosi bezbroj mogu\u0107nosti za zabavu, a Op\u0161tina \u010cajetina i Turisti\u010dka organizacija Zlatibor potrudile su se da uz &hellip; <\/p>\n","protected":false},"author":2,"featured_media":43235,"comment_status":"closed","ping_status":"open","sticky":false,"template":"","format":"standard","meta":{"footnotes":""},"categories":[2875,1524,23,3054],"tags":[1073,2876],"_links":{"self":[{"href":"https:\/\/centralmedia.rs\/index.php\/wp-json\/wp\/v2\/posts\/43234"}],"collection":[{"href":"https:\/\/centralmedia.rs\/index.php\/wp-json\/wp\/v2\/posts"}],"about":[{"href":"https:\/\/centralmedia.rs\/index.php\/wp-json\/wp\/v2\/types\/post"}],"author":[{"embeddable":true,"href":"https:\/\/centralmedia.rs\/index.php\/wp-json\/wp\/v2\/users\/2"}],"replies":[{"embeddable":true,"href":"https:\/\/centralmedia.rs\/index.php\/wp-json\/wp\/v2\/comments?post=43234"}],"version-history":[{"count":1,"href":"https:\/\/centralmedia.rs\/index.php\/wp-json\/wp\/v2\/posts\/43234\/revisions"}],"predecessor-version":[{"id":43236,"href":"https:\/\/centralmedia.rs\/index.php\/wp-json\/wp\/v2\/posts\/43234\/revisions\/43236"}],"wp:featuredmedia":[{"embeddable":true,"href":"https:\/\/centralmedia.rs\/index.php\/wp-json\/wp\/v2\/media\/43235"}],"wp:attachment":[{"href":"https:\/\/centralmedia.rs\/index.php\/wp-json\/wp\/v2\/media?parent=43234"}],"wp:term":[{"taxonomy":"category","embeddable":true,"href":"https:\/\/centralmedia.rs\/index.php\/wp-json\/wp\/v2\/categories?post=43234"},{"taxonomy":"post_tag","embeddable":true,"href":"https:\/\/centralmedia.rs\/index.php\/wp-json\/wp\/v2\/tags?post=43234"}],"curies":[{"name":"wp","href":"https:\/\/api.w.org\/{rel}","templated":true}]}}