{"id":43253,"date":"2025-07-05T16:49:42","date_gmt":"2025-07-05T14:49:42","guid":{"rendered":"https:\/\/centralmedia.rs\/?p=43253"},"modified":"2025-07-08T02:33:41","modified_gmt":"2025-07-08T00:33:41","slug":"najavljen-dolazak-nemackog-investitora-u-paracin","status":"publish","type":"post","link":"https:\/\/centralmedia.rs\/index.php\/2025\/07\/05\/najavljen-dolazak-nemackog-investitora-u-paracin\/","title":{"rendered":"Najavljen dolazak nema\u010dkog investitora u Para\u0107in"},"content":{"rendered":"\n<p><a><\/a>Predsednik Srbije Aleksandar Vu\u010di\u0107 najavio je da \u0107e uskoro u Para\u0107in sti\u0107i nema\u010dki investor.<\/p>\n\n\n\n<p>&#8211; Uskoro sti\u017ee veliki nema\u010dki investitor u Para\u0107in, u Pomoravlje, mnogo va\u017eno za \u0106upriju, Ra\u017eanj, velika stvar za \u010ditav taj deo Srbije &#8211; rekao je Vu\u010di\u0107.<\/p>\n\n\n\n<p>Podsetimo, nedavno je najavljeno da kineska kompanja&nbsp;GEB planira izgradnju fabrike za BMW u \u0106upriji.<\/p>\n","protected":false},"excerpt":{"rendered":"<p>Predsednik Srbije Aleksandar Vu\u010di\u0107 najavio je da \u0107e uskoro u Para\u0107in sti\u0107i nema\u010dki investor. &#8211; Uskoro sti\u017ee veliki nema\u010dki investitor u Para\u0107in, u Pomoravlje, mnogo &hellip; <\/p>\n","protected":false},"author":2,"featured_media":11816,"comment_status":"closed","ping_status":"open","sticky":false,"template":"","format":"standard","meta":{"footnotes":""},"categories":[1524,1516,13,12],"tags":[3714,156,63],"_links":{"self":[{"href":"https:\/\/centralmedia.rs\/index.php\/wp-json\/wp\/v2\/posts\/43253"}],"collection":[{"href":"https:\/\/centralmedia.rs\/index.php\/wp-json\/wp\/v2\/posts"}],"about":[{"href":"https:\/\/centralmedia.rs\/index.php\/wp-json\/wp\/v2\/types\/post"}],"author":[{"embeddable":true,"href":"https:\/\/centralmedia.rs\/index.php\/wp-json\/wp\/v2\/users\/2"}],"replies":[{"embeddable":true,"href":"https:\/\/centralmedia.rs\/index.php\/wp-json\/wp\/v2\/comments?post=43253"}],"version-history":[{"count":1,"href":"https:\/\/centralmedia.rs\/index.php\/wp-json\/wp\/v2\/posts\/43253\/revisions"}],"predecessor-version":[{"id":43254,"href":"https:\/\/centralmedia.rs\/index.php\/wp-json\/wp\/v2\/posts\/43253\/revisions\/43254"}],"wp:featuredmedia":[{"embeddable":true,"href":"https:\/\/centralmedia.rs\/index.php\/wp-json\/wp\/v2\/media\/11816"}],"wp:attachment":[{"href":"https:\/\/centralmedia.rs\/index.php\/wp-json\/wp\/v2\/media?parent=43253"}],"wp:term":[{"taxonomy":"category","embeddable":true,"href":"https:\/\/centralmedia.rs\/index.php\/wp-json\/wp\/v2\/categories?post=43253"},{"taxonomy":"post_tag","embeddable":true,"href":"https:\/\/centralmedia.rs\/index.php\/wp-json\/wp\/v2\/tags?post=43253"}],"curies":[{"name":"wp","href":"https:\/\/api.w.org\/{rel}","templated":true}]}}