{"id":43255,"date":"2025-07-05T16:52:09","date_gmt":"2025-07-05T14:52:09","guid":{"rendered":"https:\/\/centralmedia.rs\/?p=43255"},"modified":"2025-07-08T02:33:31","modified_gmt":"2025-07-08T00:33:31","slug":"vojska-premostila-pontonom-moravu-kod-svilajnca","status":"publish","type":"post","link":"https:\/\/centralmedia.rs\/index.php\/2025\/07\/05\/vojska-premostila-pontonom-moravu-kod-svilajnca\/","title":{"rendered":"VOJSKA PREMOSTILA PONTONOM MORAVU KOD SVILAJNCA"},"content":{"rendered":"\n<p>OD SUBOTE U 7 SATI MOST JE VAN UPOTREBE ZBOG REKONSTRUKCIJE<\/p>\n\n\n\n<figure class=\"wp-block-gallery has-nested-images columns-default is-cropped wp-block-gallery-1 is-layout-flex wp-block-gallery-is-layout-flex\">\n<figure class=\"wp-block-image size-large\"><img loading=\"lazy\" decoding=\"async\" width=\"1024\" height=\"649\" data-id=\"43257\" src=\"https:\/\/centralmedia.rs\/wp-content\/uploads\/2025\/07\/ponton-1024x649.jpg\" alt=\"\" class=\"wp-image-43257\" srcset=\"https:\/\/centralmedia.rs\/wp-content\/uploads\/2025\/07\/ponton-1024x649.jpg 1024w, https:\/\/centralmedia.rs\/wp-content\/uploads\/2025\/07\/ponton-300x190.jpg 300w, https:\/\/centralmedia.rs\/wp-content\/uploads\/2025\/07\/ponton-768x487.jpg 768w, https:\/\/centralmedia.rs\/wp-content\/uploads\/2025\/07\/ponton.jpg 1382w\" sizes=\"(max-width: 1024px) 100vw, 1024px\" \/><\/figure>\n\n\n\n<figure class=\"wp-block-image size-large\"><img loading=\"lazy\" decoding=\"async\" width=\"1024\" height=\"624\" data-id=\"43259\" src=\"https:\/\/centralmedia.rs\/wp-content\/uploads\/2025\/07\/ponton1-1024x624.jpg\" alt=\"\" class=\"wp-image-43259\" srcset=\"https:\/\/centralmedia.rs\/wp-content\/uploads\/2025\/07\/ponton1-1024x624.jpg 1024w, https:\/\/centralmedia.rs\/wp-content\/uploads\/2025\/07\/ponton1-300x183.jpg 300w, https:\/\/centralmedia.rs\/wp-content\/uploads\/2025\/07\/ponton1-768x468.jpg 768w, https:\/\/centralmedia.rs\/wp-content\/uploads\/2025\/07\/ponton1.jpg 1437w\" sizes=\"(max-width: 1024px) 100vw, 1024px\" \/><\/figure>\n\n\n\n<figure class=\"wp-block-image size-large\"><img loading=\"lazy\" decoding=\"async\" width=\"1024\" height=\"648\" data-id=\"43258\" src=\"https:\/\/centralmedia.rs\/wp-content\/uploads\/2025\/07\/ponton2-1024x648.jpg\" alt=\"\" class=\"wp-image-43258\" srcset=\"https:\/\/centralmedia.rs\/wp-content\/uploads\/2025\/07\/ponton2-1024x648.jpg 1024w, https:\/\/centralmedia.rs\/wp-content\/uploads\/2025\/07\/ponton2-300x190.jpg 300w, https:\/\/centralmedia.rs\/wp-content\/uploads\/2025\/07\/ponton2-768x486.jpg 768w, https:\/\/centralmedia.rs\/wp-content\/uploads\/2025\/07\/ponton2.jpg 1384w\" sizes=\"(max-width: 1024px) 100vw, 1024px\" \/><\/figure>\n<\/figure>\n\n\n\n<p><a><\/a>Predsednik op\u0161tine Svilajnac Predrag Milanovi\u0107 obi\u0161ao je danas radove na postavljanju pontonskog mosta preko reke, koji se od subote 5. jula u 7 sati koristi za prelazak automobila i pe\u0161aka preko Velike Morave, jer se \u017eelezni\u010dko-saobra\u0107ajni most zatvara za kompletan saobra\u0107aj.<\/p>\n\n\n\n<p>-Ovih dana sve slu\u017ebe su ubrzano radile na svim pripremama &#8211; &#8220;Putevi Srbije&#8221;, Vojska Srbije, KJP &#8220;Morava&#8221; Svilajnac, Termoelektrana, Op\u0161tina Svilajnac, kako bi se danas postavio pontonski most i od subote 5. jula mo\u0107i \u0107e da se koristi za autosaobra\u0107aj, mo\u017eda i kombi sa prikolicom. Most se zatvara tokom no\u0107i, a kamioni i autobusi koristi\u0107e alternativne pravce, kod Velike Plane i Jagodine&#8221; &#8211; rekao je Milanovi\u0107 i istakao jo\u0161 jednom da je ovo privremeno re\u0161enje, a da \u0107e Op\u0161tina Svilajnac, u saradnji sa JP &#8220;Putevi Srbije&#8221; pripremati svu potrebnu dokumentaciju i dozvole za izgradnju novog mosta i obilaznice, dok \u0107e &#8220;\u017deleznice Srbije&#8221; u narednom periodu doneti kona\u010dnu odluku na koji na\u010din \u0107e biti obavljenja rekonstrukcija postoje\u0107eg mosta. Izvesno je da \u0107e ovakav re\u017eim saobra\u0107aja biti bar godinu dana.<\/p>\n","protected":false},"excerpt":{"rendered":"<p>OD SUBOTE U 7 SATI MOST JE VAN UPOTREBE ZBOG REKONSTRUKCIJE Predsednik op\u0161tine Svilajnac Predrag Milanovi\u0107 obi\u0161ao je danas radove na postavljanju pontonskog mosta preko &hellip; <\/p>\n","protected":false},"author":2,"featured_media":43256,"comment_status":"closed","ping_status":"open","sticky":false,"template":"","format":"standard","meta":{"footnotes":""},"categories":[1524,16,12,1517],"tags":[1607,7057,38],"_links":{"self":[{"href":"https:\/\/centralmedia.rs\/index.php\/wp-json\/wp\/v2\/posts\/43255"}],"collection":[{"href":"https:\/\/centralmedia.rs\/index.php\/wp-json\/wp\/v2\/posts"}],"about":[{"href":"https:\/\/centralmedia.rs\/index.php\/wp-json\/wp\/v2\/types\/post"}],"author":[{"embeddable":true,"href":"https:\/\/centralmedia.rs\/index.php\/wp-json\/wp\/v2\/users\/2"}],"replies":[{"embeddable":true,"href":"https:\/\/centralmedia.rs\/index.php\/wp-json\/wp\/v2\/comments?post=43255"}],"version-history":[{"count":1,"href":"https:\/\/centralmedia.rs\/index.php\/wp-json\/wp\/v2\/posts\/43255\/revisions"}],"predecessor-version":[{"id":43260,"href":"https:\/\/centralmedia.rs\/index.php\/wp-json\/wp\/v2\/posts\/43255\/revisions\/43260"}],"wp:featuredmedia":[{"embeddable":true,"href":"https:\/\/centralmedia.rs\/index.php\/wp-json\/wp\/v2\/media\/43256"}],"wp:attachment":[{"href":"https:\/\/centralmedia.rs\/index.php\/wp-json\/wp\/v2\/media?parent=43255"}],"wp:term":[{"taxonomy":"category","embeddable":true,"href":"https:\/\/centralmedia.rs\/index.php\/wp-json\/wp\/v2\/categories?post=43255"},{"taxonomy":"post_tag","embeddable":true,"href":"https:\/\/centralmedia.rs\/index.php\/wp-json\/wp\/v2\/tags?post=43255"}],"curies":[{"name":"wp","href":"https:\/\/api.w.org\/{rel}","templated":true}]}}