{"id":4327,"date":"2016-08-19T15:41:55","date_gmt":"2016-08-19T15:41:55","guid":{"rendered":"http:\/\/centralmedia.rs\/?p=4327"},"modified":"2017-01-20T00:46:50","modified_gmt":"2017-01-20T00:46:50","slug":"pocinje-obuka-za-konfekcionare-u-cupriji-tibet-moda-poklanja-odecu","status":"publish","type":"post","link":"https:\/\/centralmedia.rs\/index.php\/2016\/08\/19\/pocinje-obuka-za-konfekcionare-u-cupriji-tibet-moda-poklanja-odecu\/","title":{"rendered":"PO\u010cINJE OBUKA ZA KONFEKCIONARE U \u0106UPRIJI &#8211; TIBET MODA POKLANJA ODE\u0106U"},"content":{"rendered":"<p>\u0106UPRIJA-Svi \u0106upri\u010dani koji \u017eele da rade u Tibet modi mo\u0107i \u0107e od 1. septembra da obave obuku, a sva proizvedena ode\u0107a bi\u0107e pokolonjena Centru za socijalni rad i socijalono ugro\u017eenim kategorijama, potvrdio je predsedniki te op\u0161tine Ninoslav Eri\u0107. Projekat obuke bi\u0107e realizovan u skladu sa lokalnim planom za zapo\u0161ljavanje.<br \/>\n-Obuka \u0107e da trajati dve do tri nedelje. Posle toga zainteresovani \u0107e biti spremni da se zaposle u Tibet modi. Sva konfekcija koja bude proizvedena u vreme obuke bi\u0107e poklonjena Centru za socijalni rad i socijalno ugro\u017eenim kategorijama stanovni\u0161tva. Ne\u0107e biti prodaje konfekcije ve\u0107 humanitarana podela, objasnio je on.<br \/>\nProizvodnja konfekcije u Tibet modi po\u010dinje krajem septembra. Kako je predvi\u0111eno biznis planom do kraja godine bi\u0107e zaposleno 250 radnika, a za tri godine 1.000.<\/p>\n<p><strong><em>Pozitivni primeri Razglednica iz <\/em><\/strong><strong><em>\u0106uprije<\/em><\/strong><strong><em> \u2013 Projekat se realizuje uz pomo\u0107 sredstava iz bud\u017eeta Op\u0161tine \u0106uprija.<\/em><\/strong><\/p>\n","protected":false},"excerpt":{"rendered":"<p>\u0106UPRIJA-Svi \u0106upri\u010dani koji \u017eele da rade u Tibet modi mo\u0107i \u0107e od 1. septembra da obave obuku, a sva proizvedena ode\u0107a bi\u0107e pokolonjena Centru za &hellip; <\/p>\n","protected":false},"author":4,"featured_media":4328,"comment_status":"open","ping_status":"open","sticky":false,"template":"","format":"standard","meta":{"footnotes":""},"categories":[22,1515,1524,2,887],"tags":[44,1147,1077],"_links":{"self":[{"href":"https:\/\/centralmedia.rs\/index.php\/wp-json\/wp\/v2\/posts\/4327"}],"collection":[{"href":"https:\/\/centralmedia.rs\/index.php\/wp-json\/wp\/v2\/posts"}],"about":[{"href":"https:\/\/centralmedia.rs\/index.php\/wp-json\/wp\/v2\/types\/post"}],"author":[{"embeddable":true,"href":"https:\/\/centralmedia.rs\/index.php\/wp-json\/wp\/v2\/users\/4"}],"replies":[{"embeddable":true,"href":"https:\/\/centralmedia.rs\/index.php\/wp-json\/wp\/v2\/comments?post=4327"}],"version-history":[{"count":0,"href":"https:\/\/centralmedia.rs\/index.php\/wp-json\/wp\/v2\/posts\/4327\/revisions"}],"wp:featuredmedia":[{"embeddable":true,"href":"https:\/\/centralmedia.rs\/index.php\/wp-json\/wp\/v2\/media\/4328"}],"wp:attachment":[{"href":"https:\/\/centralmedia.rs\/index.php\/wp-json\/wp\/v2\/media?parent=4327"}],"wp:term":[{"taxonomy":"category","embeddable":true,"href":"https:\/\/centralmedia.rs\/index.php\/wp-json\/wp\/v2\/categories?post=4327"},{"taxonomy":"post_tag","embeddable":true,"href":"https:\/\/centralmedia.rs\/index.php\/wp-json\/wp\/v2\/tags?post=4327"}],"curies":[{"name":"wp","href":"https:\/\/api.w.org\/{rel}","templated":true}]}}