{"id":43296,"date":"2025-07-10T16:08:10","date_gmt":"2025-07-10T14:08:10","guid":{"rendered":"https:\/\/centralmedia.rs\/?p=43296"},"modified":"2025-07-12T16:08:27","modified_gmt":"2025-07-12T14:08:27","slug":"u-drenovcu-savcu-i-gornjem-vidovu","status":"publish","type":"post","link":"https:\/\/centralmedia.rs\/index.php\/2025\/07\/10\/u-drenovcu-savcu-i-gornjem-vidovu\/","title":{"rendered":"U DRENOVCU, \u0160AVCU I GORNJEM VIDOVU"},"content":{"rendered":"\n<p>Asovi FK Partizana me\u0111u kojima su Sa\u0161a Ili\u0107, Bata Mirkovi\u0107, Igor Duljaj, Gordan Petri\u0107, Sr\u0111a Kne\u017eevi\u0107, Dragan \u0106iri\u0107 odigrali su revijalnu utakmicu u Drenovcu kod Para\u0107ina na novom sportskom terenu protiv biv\u0161ih asova FK Napredak iz ovog sela.<\/p>\n\n\n\n<figure class=\"wp-block-gallery has-nested-images columns-default is-cropped wp-block-gallery-1 is-layout-flex wp-block-gallery-is-layout-flex\">\n<figure class=\"wp-block-image size-large\"><img loading=\"lazy\" decoding=\"async\" width=\"1024\" height=\"1024\" data-id=\"43298\" src=\"https:\/\/centralmedia.rs\/wp-content\/uploads\/2025\/07\/drenovac-1024x1024.jpg\" alt=\"\" class=\"wp-image-43298\" srcset=\"https:\/\/centralmedia.rs\/wp-content\/uploads\/2025\/07\/drenovac-1024x1024.jpg 1024w, https:\/\/centralmedia.rs\/wp-content\/uploads\/2025\/07\/drenovac-300x300.jpg 300w, https:\/\/centralmedia.rs\/wp-content\/uploads\/2025\/07\/drenovac-150x150.jpg 150w, https:\/\/centralmedia.rs\/wp-content\/uploads\/2025\/07\/drenovac-768x768.jpg 768w, https:\/\/centralmedia.rs\/wp-content\/uploads\/2025\/07\/drenovac.jpg 1440w\" sizes=\"(max-width: 1024px) 100vw, 1024px\" \/><\/figure>\n\n\n\n<figure class=\"wp-block-image size-large\"><img loading=\"lazy\" decoding=\"async\" width=\"1024\" height=\"1024\" data-id=\"43299\" src=\"https:\/\/centralmedia.rs\/wp-content\/uploads\/2025\/07\/drenovac1-1024x1024.jpg\" alt=\"\" class=\"wp-image-43299\" srcset=\"https:\/\/centralmedia.rs\/wp-content\/uploads\/2025\/07\/drenovac1-1024x1024.jpg 1024w, https:\/\/centralmedia.rs\/wp-content\/uploads\/2025\/07\/drenovac1-300x300.jpg 300w, https:\/\/centralmedia.rs\/wp-content\/uploads\/2025\/07\/drenovac1-150x150.jpg 150w, https:\/\/centralmedia.rs\/wp-content\/uploads\/2025\/07\/drenovac1-768x768.jpg 768w, https:\/\/centralmedia.rs\/wp-content\/uploads\/2025\/07\/drenovac1.jpg 1440w\" sizes=\"(max-width: 1024px) 100vw, 1024px\" \/><\/figure>\n\n\n\n<figure class=\"wp-block-image size-large\"><img loading=\"lazy\" decoding=\"async\" width=\"1024\" height=\"1024\" data-id=\"43300\" src=\"https:\/\/centralmedia.rs\/wp-content\/uploads\/2025\/07\/gornje-vidovo-1024x1024.jpg\" alt=\"\" class=\"wp-image-43300\" srcset=\"https:\/\/centralmedia.rs\/wp-content\/uploads\/2025\/07\/gornje-vidovo-1024x1024.jpg 1024w, https:\/\/centralmedia.rs\/wp-content\/uploads\/2025\/07\/gornje-vidovo-300x300.jpg 300w, https:\/\/centralmedia.rs\/wp-content\/uploads\/2025\/07\/gornje-vidovo-150x150.jpg 150w, https:\/\/centralmedia.rs\/wp-content\/uploads\/2025\/07\/gornje-vidovo-768x768.jpg 768w, https:\/\/centralmedia.rs\/wp-content\/uploads\/2025\/07\/gornje-vidovo.jpg 1440w\" sizes=\"(max-width: 1024px) 100vw, 1024px\" \/><\/figure>\n\n\n\n<figure class=\"wp-block-image size-large\"><img loading=\"lazy\" decoding=\"async\" width=\"1024\" height=\"1024\" data-id=\"43301\" src=\"https:\/\/centralmedia.rs\/wp-content\/uploads\/2025\/07\/gornje-vidovo1-1024x1024.jpg\" alt=\"\" class=\"wp-image-43301\" srcset=\"https:\/\/centralmedia.rs\/wp-content\/uploads\/2025\/07\/gornje-vidovo1-1024x1024.jpg 1024w, https:\/\/centralmedia.rs\/wp-content\/uploads\/2025\/07\/gornje-vidovo1-300x300.jpg 300w, https:\/\/centralmedia.rs\/wp-content\/uploads\/2025\/07\/gornje-vidovo1-150x150.jpg 150w, https:\/\/centralmedia.rs\/wp-content\/uploads\/2025\/07\/gornje-vidovo1-768x768.jpg 768w, https:\/\/centralmedia.rs\/wp-content\/uploads\/2025\/07\/gornje-vidovo1.jpg 1440w\" sizes=\"(max-width: 1024px) 100vw, 1024px\" \/><\/figure>\n<\/figure>\n\n\n\n<p>Posle utakmice usledili su koncerti Ilde \u0160auli\u0107 i Mitra Miri\u0107a.<\/p>\n\n\n\n<p>\u201eIGRAJMO KOLO TRADICIJE&#8221;<\/p>\n\n\n\n<p>Me\u0161tani Gornjeg Vidova i okolnih sela u\u017eivali su jo\u0161 jednom izdanju svoje tradicionalne manifestacije \u201eIgrajmo kolo tradicije\u201c.<\/p>\n\n\n\n<p>Folklora\u0161i su nastupili na letnjoj pozornici ispred Doma kulture u tom selu pred brojnom publikom.<\/p>\n\n\n\n<p>U\u010desnici ovogodi\u0161njeg festivala, pored doma\u0107ina, su: KUD \u201eVuk i Naum\u201c iz Toponice, KUD \u201eMedve\u0111a\u201c iz Medve\u0111e, Folklorni ansambl \u201e\u010carapani\u201c iz Kru\u0161evca, KUD \u201eBeloljinje\u201c iz Svrljiga.<\/p>\n\n\n\n<p>Doma\u0107in i organizator manifestacije je KUD \u201eMoravac\u201c iz Gornjeg Vidova, uz podr\u0161ku Doma omladine, a pod pokroviteljstvom op\u0161tine Para\u0107in.<\/p>\n\n\n\n<p>Usledi\u0107e veliki koncert Rade Manojlovi\u0107 14. jula u \u0160avcu. Dom kulture od 20 \u010dasova.<\/p>\n","protected":false},"excerpt":{"rendered":"<p>Asovi FK Partizana me\u0111u kojima su Sa\u0161a Ili\u0107, Bata Mirkovi\u0107, Igor Duljaj, Gordan Petri\u0107, Sr\u0111a Kne\u017eevi\u0107, Dragan \u0106iri\u0107 odigrali su revijalnu utakmicu u Drenovcu kod &hellip; <\/p>\n","protected":false},"author":2,"featured_media":43297,"comment_status":"closed","ping_status":"open","sticky":false,"template":"","format":"standard","meta":{"footnotes":""},"categories":[1524,2,23,1516,3055],"tags":[988,7060,7061],"_links":{"self":[{"href":"https:\/\/centralmedia.rs\/index.php\/wp-json\/wp\/v2\/posts\/43296"}],"collection":[{"href":"https:\/\/centralmedia.rs\/index.php\/wp-json\/wp\/v2\/posts"}],"about":[{"href":"https:\/\/centralmedia.rs\/index.php\/wp-json\/wp\/v2\/types\/post"}],"author":[{"embeddable":true,"href":"https:\/\/centralmedia.rs\/index.php\/wp-json\/wp\/v2\/users\/2"}],"replies":[{"embeddable":true,"href":"https:\/\/centralmedia.rs\/index.php\/wp-json\/wp\/v2\/comments?post=43296"}],"version-history":[{"count":2,"href":"https:\/\/centralmedia.rs\/index.php\/wp-json\/wp\/v2\/posts\/43296\/revisions"}],"predecessor-version":[{"id":43303,"href":"https:\/\/centralmedia.rs\/index.php\/wp-json\/wp\/v2\/posts\/43296\/revisions\/43303"}],"wp:featuredmedia":[{"embeddable":true,"href":"https:\/\/centralmedia.rs\/index.php\/wp-json\/wp\/v2\/media\/43297"}],"wp:attachment":[{"href":"https:\/\/centralmedia.rs\/index.php\/wp-json\/wp\/v2\/media?parent=43296"}],"wp:term":[{"taxonomy":"category","embeddable":true,"href":"https:\/\/centralmedia.rs\/index.php\/wp-json\/wp\/v2\/categories?post=43296"},{"taxonomy":"post_tag","embeddable":true,"href":"https:\/\/centralmedia.rs\/index.php\/wp-json\/wp\/v2\/tags?post=43296"}],"curies":[{"name":"wp","href":"https:\/\/api.w.org\/{rel}","templated":true}]}}