{"id":4330,"date":"2016-08-19T19:18:18","date_gmt":"2016-08-19T19:18:18","guid":{"rendered":"http:\/\/centralmedia.rs\/?p=4330"},"modified":"2017-01-16T13:36:02","modified_gmt":"2017-01-16T13:36:02","slug":"poceli-24-dani-srpskog-duhovnog-preobrazenja-u-despotovcu","status":"publish","type":"post","link":"https:\/\/centralmedia.rs\/index.php\/2016\/08\/19\/poceli-24-dani-srpskog-duhovnog-preobrazenja-u-despotovcu\/","title":{"rendered":"PO\u010cELI 24. DANI SRPSKOG DUHOVNOG PREOBRA\u017dENJA U DESPOTOVCU"},"content":{"rendered":"<p>DESPOTOVAC-Himnom Srbije ,,Bo\u017ee pravde\u201d u izvo\u0111enju Lene Kova\u010devi\u0107 i govorom glumca Svetislava Buleta Gonci\u0107a po\u010deli su ve\u010deras 24. Dani srpskoga duhovnog preobra\u017eenja u Despotovcu.<br \/>\n-Kada u Srbiji manifestacija, koja ima visoke umetni\u010dke vrednosti, traje ve\u0107 \u010detvrt veka to je siguran znak da vredi. Postoji mnogo razloga \u0161to se 24 godine Dani srpskoga duhnog preobra\u017eenja odr\u017eavaju u Despotovcu koji imenom \u010duva se\u0107anje na Despota Stefana Lazarevi\u0107a, jednog od najumnjih vladara Srbije. On je uvideo da se da mo\u0107 vladara ne le\u017ei samo u ve\u0161tini rukovanja ma\u010dem i da se ne mo\u017ee samo na zlatu i vojsci odr\u017eati dr\u017eava. Uspeo je da stvor dr\u017eavu koja je bila steci\u0161te kulture, umetnosti i nauke u nemogu\u0107im uslovima. Manastir Manasija, Resavska \u0161kola, za\u010deci srpske duhovnosti i pismenosti, zaostav\u0161tina su Visokog Stefana. Dani srpskog duhovnog preobra\u017eenje sadr\u017eajem i misijom opominju, \u010duvaju od zaborava i \u0161ire prosvetiteljske ideje moderene srpske dr\u017eave koja se oslanja na znanje, kulturu i umetnost, ba\u0161 onakve kakve je sanjao i ostvario Despot Stefan. Duh naroda brani se na mnogim poljima, ali prevashodno kulturom koja je najefikasnije sredstvo u borbi protiv bezna\u0111a i lutanja.I posle \u0161est vekova Srbija stoji na istom raspe\u0107u i pred istim izazovima. Valja \u0107e nam, kao i Despotu tada, mudrosti, odricanja, hrabrosti i vizionarstva, rekao je Gonci\u0107 na otvaranju manifestacije.<\/p>\n<p><div id='gallery-1' class='gallery galleryid-4330 gallery-columns-4 gallery-size-thumbnail'><figure class='gallery-item'>\n\t\t\t<div class='gallery-icon landscape'>\n\t\t\t\t<a href='https:\/\/centralmedia.rs\/index.php\/2016\/08\/19\/poceli-24-dani-srpskog-duhovnog-preobrazenja-u-despotovcu\/lena-kovacevic-despotvoac-g-j\/'><img loading=\"lazy\" decoding=\"async\" width=\"150\" height=\"150\" src=\"https:\/\/centralmedia.rs\/wp-content\/uploads\/2016\/08\/lena-kovacevic-despotvoac-g.j.-150x150.jpg\" class=\"attachment-thumbnail size-thumbnail\" alt=\"\" \/><\/a>\n\t\t\t<\/div><\/figure><figure class='gallery-item'>\n\t\t\t<div class='gallery-icon landscape'>\n\t\t\t\t<a href='https:\/\/centralmedia.rs\/index.php\/2016\/08\/19\/poceli-24-dani-srpskog-duhovnog-preobrazenja-u-despotovcu\/publika-despootvoca-g-j\/'><img loading=\"lazy\" decoding=\"async\" width=\"150\" height=\"150\" src=\"https:\/\/centralmedia.rs\/wp-content\/uploads\/2016\/08\/publika-despootvoca-g.j.-150x150.jpg\" class=\"attachment-thumbnail size-thumbnail\" alt=\"\" \/><\/a>\n\t\t\t<\/div><\/figure><figure class='gallery-item'>\n\t\t\t<div class='gallery-icon portrait'>\n\t\t\t\t<a href='https:\/\/centralmedia.rs\/index.php\/2016\/08\/19\/poceli-24-dani-srpskog-duhovnog-preobrazenja-u-despotovcu\/svetislav-goncic-despotovac-g-j\/'><img loading=\"lazy\" decoding=\"async\" width=\"150\" height=\"150\" src=\"https:\/\/centralmedia.rs\/wp-content\/uploads\/2016\/08\/svetislav-goncic-despotovac-g.j.-150x150.jpg\" class=\"attachment-thumbnail size-thumbnail\" alt=\"\" \/><\/a>\n\t\t\t<\/div><\/figure><figure class='gallery-item'>\n\t\t\t<div class='gallery-icon landscape'>\n\t\t\t\t<a href='https:\/\/centralmedia.rs\/index.php\/2016\/08\/19\/poceli-24-dani-srpskog-duhovnog-preobrazenja-u-despotovcu\/nenad-jovanovic\/'><img loading=\"lazy\" decoding=\"async\" width=\"150\" height=\"150\" src=\"https:\/\/centralmedia.rs\/wp-content\/uploads\/2016\/08\/NENAD-JOVANOVIC--150x150.jpg\" class=\"attachment-thumbnail size-thumbnail\" alt=\"\" \/><\/a>\n\t\t\t<\/div><\/figure>\n\t\t<\/div>\n<br \/>\nU ime doma\u0107ina zamenik predsednika op\u0161tine Nenad Jovanovi\u0107 je po\u017eeleo dobrodo\u0161licu na manifestaciju i istakao ona slavi Despota, Srbiju, kulturu, umetnost i nauku.<br \/>\nManifesatciju je otvorio koncertom hor \u201eViva voks\u201c pod vo\u0111stvom Jasmine Lorin. Narednih dana usledi\u0107e bogati sadr\u017eaji, knji\u017eevno ve\u010de sa piscem Vladimirom Kecmanovi\u0107em, u okviru \u201eVe\u010deri klasi\u010dne muzike\u201c nastupi\u0107e pijanista Borko Milojkovi\u0107, ve\u010de d\u017eeza uprili\u010di\u0107e Mi\u0161ko Plavi trio i Lena Kova\u010devi\u0107, a u utorak \u0107e nastupiti rok grupa Van Gog. Dan kasnije je programom predvi\u0111ena de\u010dija predstava ,,Aladin i \u010darobna lampa\u201c kru\u0161eva\u010dkog pozori\u0161ta i koncert ,,Balkan Loversa\u201c i Marka Markovi\u0107a. U \u010detvrtak je Sabor narodnog ume\u0107a i stvarala\u0161tva, projekcije dokumetarnog filma Milica autora Dragana El\u010di\u0107a i igrani film Otad\u017ebina reditelja Olega Novkovi\u0107a. U ve\u010dernjim satima bi\u0107e prikazan predstava Valjevska bolnica u re\u017eiji Slavenka Saletovi\u0107a kru\u0161eva\u010dkog pozori\u0161ta. Otvaranje 2. Me\u0111unardnog vite\u0161kog festivala Despot Stefan Lazarevi\u0107 \u2013JUST OUT, \u010diji je pokrovitelj predsednik Srbije Tomislav Nikoli\u0107, je u petak 26 avgusta. Predsednik Nikoli\u0107 \u0107e otvoriti festival na kome \u0107e nastupiti 17 vite\u0161kih grupa iz Evrope. Na sve\u010danom zatvaranju manifestacije nastupi\u0107e Nacionalni ansambl Kolo.<br \/>\nSvi doga\u0111iji bi\u0107e odr\u017eani na Trgu Despota Stefana u centru Despotovca i podno zidina manastira Manasija.<br \/>\nU Narodnoj biblioteci \u201eResavska \u0161kola\u201c bi\u0107e odr\u017eani nau\u010dni skupovi \u201eSrednji vek u srpskoj nauci, istoriji, knji\u017eevnsoti i umetnosti VIII\u201c, dr Marija \u0110in\u0111i\u0107 odr\u017ea\u0107e predavanje na temu \u201eTurcizam u srpskom jeziku\u201c, o Zborniku radova sa pro\u0161logodi\u0161njeg nau\u010dnog skupa \u201eSrednji vek u srpskoj nauci, istoriji, knji\u017eevnosti i umetnosti VII\u201c govori\u0107e akademik Zlata Bojovi\u0107 i prof. dr Predrag Dilpari\u0107.<br \/>\nPored toga u Centru za kulturu predvi\u0111eno je otvaranje izlo\u017ebe grafika Bojana Ota\u0161evi\u0107a i izlo\u017ebe slika Slobodana Daneta Popovi\u0107a, kao i predstavljanje mladih muzi\u010dkih talenata iz Despotovca. U Manastirskoj vodenici bi\u0107e otvorena izlo\u017eba slika sa Likovne kolonije \u201eResava 2016\u201c. Pre sve\u010denog zatvaranja bi\u0107e odr\u017ean seminar pod nazivom \u201eNarodne igre u Gornjoj Resavi\u201c, na kome \u0107e govoriti Dajna Kosti\u0107, kao i razgovoru o knjizi \u201eObi\u010daji, pesme i igre u Gornjoj Reasavi\u201c i narodnoj no\u0161nji Gornje Resave.<br \/>\nDani srpskog duhovnog preobra\u017eenja osnovani su 1993. godine pod geslom \u201eStvarati i kada je te\u0161ko\u201c, a prihvatili su je Srpska akademija nauka i umetnosti I Ministarstvo kulture. Manifestacija se odr\u017eava od 19 do 28 avgusta.<\/p>\n<p>ODATA PO\u0160TA MIRI STUPICI<br \/>\nPre otvaranja manifestacije Gonci\u0107 je povodom smrti Mire Stupice pozvao prisutne na tgu Stefana Despota da minutom \u0107utanja odaju po\u0161tu velikoj glumici i rekao da ,,od danas vi\u0161e ni\u0161ta ne\u0107e biti kao pre\u201d.<br \/>\n-Napustila nas je Mira Stupica kao jedna od najve\u0107ih glumica svih vremena, velika dramska umetnica koja je obele\u017eila \u010ditavu epohu. Njen ogoromni dar i beskrajni \u0161arm utkan je u sve na\u0161e \u017eivote i u sve sada\u0161nje i budu\u0107e generacije i osta\u0107e neodvojiv deo i najsvetlija stranica istorije na\u0161e kulture i na\u0161eg pozori\u0161ta. Pozori\u0161te je bilo njen \u017eivot, ali ona sama je bila pozori\u0161te. Zahvalni smo \u0161to smo bili deo njenog veli\u010danstvenog stvarala\u010dkog kruga, rekao je Gonci\u0107 .<\/p>\n<p><em><strong>Pozitivni primeri-Razglednica iz Despotovca \u2013 Projekat se realizuje uz pomo\u0107 sredstava iz bud\u017eeta Op\u0161tine Despotovac<\/strong><\/em><\/p>\n","protected":false},"excerpt":{"rendered":"<p>DESPOTOVAC-Himnom Srbije ,,Bo\u017ee pravde\u201d u izvo\u0111enju Lene Kova\u010devi\u0107 i govorom glumca Svetislava Buleta Gonci\u0107a po\u010deli su ve\u010deras 24. Dani srpskoga duhovnog preobra\u017eenja u Despotovcu. -Kada &hellip; <\/p>\n","protected":false},"author":4,"featured_media":4331,"comment_status":"open","ping_status":"open","sticky":false,"template":"","format":"standard","meta":{"footnotes":""},"categories":[1518,1524,2,15,887,12],"tags":[51,1148,1149],"_links":{"self":[{"href":"https:\/\/centralmedia.rs\/index.php\/wp-json\/wp\/v2\/posts\/4330"}],"collection":[{"href":"https:\/\/centralmedia.rs\/index.php\/wp-json\/wp\/v2\/posts"}],"about":[{"href":"https:\/\/centralmedia.rs\/index.php\/wp-json\/wp\/v2\/types\/post"}],"author":[{"embeddable":true,"href":"https:\/\/centralmedia.rs\/index.php\/wp-json\/wp\/v2\/users\/4"}],"replies":[{"embeddable":true,"href":"https:\/\/centralmedia.rs\/index.php\/wp-json\/wp\/v2\/comments?post=4330"}],"version-history":[{"count":0,"href":"https:\/\/centralmedia.rs\/index.php\/wp-json\/wp\/v2\/posts\/4330\/revisions"}],"wp:featuredmedia":[{"embeddable":true,"href":"https:\/\/centralmedia.rs\/index.php\/wp-json\/wp\/v2\/media\/4331"}],"wp:attachment":[{"href":"https:\/\/centralmedia.rs\/index.php\/wp-json\/wp\/v2\/media?parent=4330"}],"wp:term":[{"taxonomy":"category","embeddable":true,"href":"https:\/\/centralmedia.rs\/index.php\/wp-json\/wp\/v2\/categories?post=4330"},{"taxonomy":"post_tag","embeddable":true,"href":"https:\/\/centralmedia.rs\/index.php\/wp-json\/wp\/v2\/tags?post=4330"}],"curies":[{"name":"wp","href":"https:\/\/api.w.org\/{rel}","templated":true}]}}