{"id":43311,"date":"2025-07-12T16:18:05","date_gmt":"2025-07-12T14:18:05","guid":{"rendered":"https:\/\/centralmedia.rs\/?p=43311"},"modified":"2025-07-12T16:18:05","modified_gmt":"2025-07-12T14:18:05","slug":"rtrs-u-zalazju-parastos-za-69-ubijenih-srba-zlocin-bez-kazne-koji-traje-tri-decenije","status":"publish","type":"post","link":"https:\/\/centralmedia.rs\/index.php\/2025\/07\/12\/rtrs-u-zalazju-parastos-za-69-ubijenih-srba-zlocin-bez-kazne-koji-traje-tri-decenije\/","title":{"rendered":"RTRS: U Zalazju parastos za 69 ubijenih Srba: Zlo\u010din bez kazne koji traje tri decenije"},"content":{"rendered":"\n<p>U Zalazju kod Srebrenice slu\u017een je parastos za 69 srpskih civila i vojnika koje su muslimanske snage ubile na Petrovdan 1992. godine. Parastos je slu\u017een i za 22 srpska borca koja su zarobljena na Petrovdan prije 33 godine, a potom ubijena. Osim ve\u0107eg broja gra\u0111ana, obilje\u017eavanju 33 godine od stradanja Srba u selima Zalazje i Sase kod Srebrenice, te Bilja\u010da i Zagoni na podru\u010dju Bratunca, prisustvovale su op\u0161tinske delegacije, predsjednik Pokreta socijalista Aleksandar Vulin, potpredsjednik SRS-a Aleksandar \u0160e\u0161elj, te predstavnici op\u0161tinskih organizacija proisteklih iz Odbrambeno-otad\u017ebinskog rata. Parastosu su prethodile posjete porodicama poginulih srpskom groblju u Bratuncu i strati\u0161tima u Bilja\u010di i Sasama, gdje je polo\u017eeno cvije\u0107e i prislu\u017eene svije\u0107e. Uz regionalni put Bratunac-Poto\u010dari \u2013 Srebrenica postavljene su i fotografije vi\u0161e od 600 ubijenih srpskih civila i vojnika iz srednjeg Podrinja ubijenih i poginulih u proteklom Odbrambeno-otad\u017ebinskom ratu u BiH. Nastavljaju\u0107i sistematsko plansko etni\u010dko \u010di\u0161\u0107enje srpskih prostora zapo\u010deto u aprilu, brojne muslimanske snage iz Srebrenice, pod komandom Nasera Ori\u0107a su 12. jula 1992. godine upale u vi\u0161e srpskih sela u srebreni\u010dkoj i bratuna\u010dkoj op\u0161tini ubijaju\u0107i, plja\u010dkaju\u0107i i pale\u0107i sve \u0161to su stigle. Za ove, kao i za mnoge druge masovne zlo\u010dine po\u010dinjene nad Srbima iz Srebrenice i srednjeg Podrinja jo\u0161 niko nije odgovarao. Organizator ovog obilje\u017eavanja je Odbor za obilje\u017eavanje srpskog stradanja Srebrenice<\/p>\n\n\n\n<p>RTRS tekst i foto<\/p>\n","protected":false},"excerpt":{"rendered":"<p>U Zalazju kod Srebrenice slu\u017een je parastos za 69 srpskih civila i vojnika koje su muslimanske snage ubile na Petrovdan 1992. godine. Parastos je slu\u017een &hellip; <\/p>\n","protected":false},"author":2,"featured_media":43312,"comment_status":"closed","ping_status":"open","sticky":false,"template":"","format":"standard","meta":{"footnotes":""},"categories":[20,12],"tags":[7063,5262,7062],"_links":{"self":[{"href":"https:\/\/centralmedia.rs\/index.php\/wp-json\/wp\/v2\/posts\/43311"}],"collection":[{"href":"https:\/\/centralmedia.rs\/index.php\/wp-json\/wp\/v2\/posts"}],"about":[{"href":"https:\/\/centralmedia.rs\/index.php\/wp-json\/wp\/v2\/types\/post"}],"author":[{"embeddable":true,"href":"https:\/\/centralmedia.rs\/index.php\/wp-json\/wp\/v2\/users\/2"}],"replies":[{"embeddable":true,"href":"https:\/\/centralmedia.rs\/index.php\/wp-json\/wp\/v2\/comments?post=43311"}],"version-history":[{"count":1,"href":"https:\/\/centralmedia.rs\/index.php\/wp-json\/wp\/v2\/posts\/43311\/revisions"}],"predecessor-version":[{"id":43313,"href":"https:\/\/centralmedia.rs\/index.php\/wp-json\/wp\/v2\/posts\/43311\/revisions\/43313"}],"wp:featuredmedia":[{"embeddable":true,"href":"https:\/\/centralmedia.rs\/index.php\/wp-json\/wp\/v2\/media\/43312"}],"wp:attachment":[{"href":"https:\/\/centralmedia.rs\/index.php\/wp-json\/wp\/v2\/media?parent=43311"}],"wp:term":[{"taxonomy":"category","embeddable":true,"href":"https:\/\/centralmedia.rs\/index.php\/wp-json\/wp\/v2\/categories?post=43311"},{"taxonomy":"post_tag","embeddable":true,"href":"https:\/\/centralmedia.rs\/index.php\/wp-json\/wp\/v2\/tags?post=43311"}],"curies":[{"name":"wp","href":"https:\/\/api.w.org\/{rel}","templated":true}]}}