{"id":43327,"date":"2025-07-12T07:00:50","date_gmt":"2025-07-12T05:00:50","guid":{"rendered":"https:\/\/centralmedia.rs\/?p=43327"},"modified":"2025-07-16T07:02:26","modified_gmt":"2025-07-16T05:02:26","slug":"tanjug-efraim-zurof-u-srebrenici-nije-pocinjen-genocid-sad-i-eu-su-to-izmislile-2","status":"publish","type":"post","link":"https:\/\/centralmedia.rs\/index.php\/2025\/07\/12\/tanjug-efraim-zurof-u-srebrenici-nije-pocinjen-genocid-sad-i-eu-su-to-izmislile-2\/","title":{"rendered":"TANJUG \u2013 EFRAIM ZUROF: U Srebrenici nije po\u010dinjen genocid, SAD i EU su to izmislile"},"content":{"rendered":"\n<p>TEL AVIV &#8211; Direktor izraelskog Centra \u201cSimon Vizental\u201d i ekspert za Holoksut i <a><\/a>genocid Efraim Zurof izjavio je za Tanjug da u Srebrenici 1995. godine nije po\u010dinjen genocid, ve\u0107 ratni zlo\u010din, kao i da su Sjedinjene Ameri\u010dke Dr\u017eave i EU izmislile pri\u010du o genocidu iz politi\u010dkih razloga da bi, kako je naveo, smirile muslimane.<\/p>\n\n\n\n<p>&#8220;Pre svega, morate shvatiti da svaka zemlja koja se suo\u010di sa tragedijom \u017eeli da tvrdi da njihova tragedija odgovara re\u010di genocid, jer je to zlatni standard tragedije. Ali u slu\u010daju Srebrenice, to je \u0161ala, i to lo\u0161a \u0161ala&#8221;, rekao je Zurof koji je i direktor Centra &#8220;Simon Vizental&#8221; u Jerusalimu.<\/p>\n\n\n\n<p>On je naveo da je u Srebrenici bilo 33.000 ljudi, a da je 28.000 njih oti\u0161lo ku\u0107i.<\/p>\n\n\n\n<p>&#8220;Nisu povre\u0111eni. Srpska vojska je pustila svu decu, sve \u017eene, sve starce koji nisu bili vojnici da odu ku\u0107i u miru, a da im nije naneta nikakva \u0161teta&#8230;To nije genocid. To je sme\u0161no. Dakle, ovo je samo da bi se smirili muslimani&#8221;, ukazao je Zurof.<\/p>\n\n\n\n<p>Zurof je istakao da ono \u0161to se dogodilo u Srebrenici defini\u0161e kao ratni zlo\u010din jer je ubijeno nekoliko hiljada boraca.<\/p>\n\n\n\n<p>&#8220;To je tragedija, i to je ratni zlo\u010din. Ali to svakako nije genocid. Takve tvrdnje su sme\u0161ne. Ali sve je to politika, morate shvatiti, i nema nikakve veze sa istinom&#8221;, naveo je Zurof odgovaraju\u0107i na pitanje koji je motiv tvrdnji da je u Srebrenici po\u010dinjen genocid i usvajanja rezolucije o Srebrenici pre ne\u0161to vi\u0161e od godinu dana u Generalnoj Skup\u0161tini Ujedinjenih nacija.<\/p>\n\n\n\n<p>Istakao je da je to jedan od problema u vezi sa Holokaustom, odnosno u vezi sa istinito\u0161\u0107u narativa o tome \u0161ta se dogodilo u Holokaustu.<\/p>\n\n\n\n<p>&#8220;Dakle, ako zemlja kao \u0161to je Litvanija, gde je 96,4 odsto Jevreja ubijeno, a 90 odsto njih su ubili Litvanci, koji ne mogu da prihvate nikakav stepen odgovornosti za ubistvo Jevreja, o \u010demu onda pri\u010damo? I to je istina u Letoniji, istina je u Estoniji, istina je u Hrvatskoj, naravno&#8221;, podsetio je Zurof.<\/p>\n\n\n\n<p>Na pitanje kako vidi odnos Hrvatske prema zlo\u010dinima u Jasenovcu gde su ubijene stotine hiljada Srba, Jevreja i Roma, kao i da li je Zagreb spreman da se suo\u010di sa zlo\u010dinima NDH,<\/p>\n\n\n\n<p>Zurof je podsetio da je komandant koncentracionog logora Jasenovac i usta\u0161ki ratni zlo\u010dinac Dinko \u0160aki\u0107 izru\u010den Zagrebu, a ne Beogradu.<\/p>\n\n\n\n<p>&#8220;Jer su znali, moja pretpostavka je da su znali, da ako bi \u0160aki\u0107 bio izveden na su\u0111enje u Beogradu, bio bi obe\u0161en pet minuta nakon presude krivice na najvi\u0161em drvetu u Beogradu&#8221;, naveo je Zurof.<\/p>\n\n\n\n<p>On je podsetio da je Hrvatska sudila biv\u0161em ministru pravde NDH Andriji Artukovi\u0107u, navode\u0107i da je jedini razlog zbog kojeg on nije pogubljen taj \u0161to je bio previ\u0161e bolestan da bi bio pogubljen.<\/p>\n\n\n\n<p>Na pitanje da prokomentari\u0161e to \u0161to se na koncertu Marka Perkovi\u0107a Tomspona u Zagrebu pre nekoliko dana, koji je poznat po izvo\u0111enju usta\u0161kih pesama, okupilo oko pola miliona ljudi i \u0161ta to govori o dana\u0161njoj Hrvatskoj, kao i da nije bilo reakcije EU povodom toga, Zurof je rekao da je stra\u0161na tragedija to \u0161to ve\u0107ina od pola miliona ljudi, od kojih su mnogi mladi ljudi, ne zna istoriju.<\/p>\n\n\n\n<p>On je naveo da je za to nepoznavanje istorije zaslu\u017ean Josip Broz Tito koji je, kako je naveo, &#8220;odbio da razotkrije sve zlo\u010dine na svim stranama posle rata, posle Drugog svetskog rata, jer se pla\u0161io da \u0107e biti toliko etni\u010dke mr\u017enje me\u0111u razli\u010ditim nacionalnostima da ne\u0107e mo\u0107i da vodi zemlju&#8221;, odnosno da se Tito pla\u0161io da bi to moglo da se zavr\u0161i gra\u0111anskim ratom.<\/p>\n\n\n\n<p>&#8220;Zbog toga su sakriveni svi zlo\u010dini usta\u0161a. I ljudi ne razumeju kada Tompson ka\u017ee &#8220;Za dom spremni&#8221;, da je to ekvivalent Zig Hajla nacista. A to zna\u010di da misli na ljude koji su teroristi, koji su masovne ubice. Ljudi su ubili vi\u0161e od 100.000 ljudi u Jasenovcu i jo\u0161 vi\u0161e u drugim koncentracionim logorima i to su u\u010dinili na najstra\u0161niji, najokrutniji na\u010din koji se mo\u017ee zamisliti, poput stra\u0161nih sadista. I vrlo malo je u\u010dinjeno da se ovi ljudi privedu pravdi&#8221;, zaklju\u010dio je Zurof.<\/p>\n\n\n\n<p>TANJUG tekst i foto<\/p>\n","protected":false},"excerpt":{"rendered":"<p>TEL AVIV &#8211; Direktor izraelskog Centra \u201cSimon Vizental\u201d i ekspert za Holoksut i genocid Efraim Zurof izjavio je za Tanjug da u Srebrenici 1995. godine &hellip; <\/p>\n","protected":false},"author":1,"featured_media":43328,"comment_status":"closed","ping_status":"open","sticky":false,"template":"","format":"standard","meta":{"footnotes":""},"categories":[20,12],"tags":[7067,5207],"_links":{"self":[{"href":"https:\/\/centralmedia.rs\/index.php\/wp-json\/wp\/v2\/posts\/43327"}],"collection":[{"href":"https:\/\/centralmedia.rs\/index.php\/wp-json\/wp\/v2\/posts"}],"about":[{"href":"https:\/\/centralmedia.rs\/index.php\/wp-json\/wp\/v2\/types\/post"}],"author":[{"embeddable":true,"href":"https:\/\/centralmedia.rs\/index.php\/wp-json\/wp\/v2\/users\/1"}],"replies":[{"embeddable":true,"href":"https:\/\/centralmedia.rs\/index.php\/wp-json\/wp\/v2\/comments?post=43327"}],"version-history":[{"count":1,"href":"https:\/\/centralmedia.rs\/index.php\/wp-json\/wp\/v2\/posts\/43327\/revisions"}],"predecessor-version":[{"id":43329,"href":"https:\/\/centralmedia.rs\/index.php\/wp-json\/wp\/v2\/posts\/43327\/revisions\/43329"}],"wp:featuredmedia":[{"embeddable":true,"href":"https:\/\/centralmedia.rs\/index.php\/wp-json\/wp\/v2\/media\/43328"}],"wp:attachment":[{"href":"https:\/\/centralmedia.rs\/index.php\/wp-json\/wp\/v2\/media?parent=43327"}],"wp:term":[{"taxonomy":"category","embeddable":true,"href":"https:\/\/centralmedia.rs\/index.php\/wp-json\/wp\/v2\/categories?post=43327"},{"taxonomy":"post_tag","embeddable":true,"href":"https:\/\/centralmedia.rs\/index.php\/wp-json\/wp\/v2\/tags?post=43327"}],"curies":[{"name":"wp","href":"https:\/\/api.w.org\/{rel}","templated":true}]}}