{"id":43337,"date":"2025-07-18T17:03:22","date_gmt":"2025-07-18T15:03:22","guid":{"rendered":"https:\/\/centralmedia.rs\/?p=43337"},"modified":"2025-08-02T17:06:04","modified_gmt":"2025-08-02T15:06:04","slug":"prvi-deciji-letnji-festival-stize-na-zlatibor","status":"publish","type":"post","link":"https:\/\/centralmedia.rs\/index.php\/2025\/07\/18\/prvi-deciji-letnji-festival-stize-na-zlatibor\/","title":{"rendered":"Prvi De\u010diji letnji festival sti\u017ee na Zlatibor"},"content":{"rendered":"\n<p>Od 19. jula do 23. avgusta 2025. godine, Zlatibor \u0107e prvi put postati doma\u0107in De\u010dijeg letnjeg festivala, manifestacije <a><\/a>osmi\u0161ljene da najmla\u0111ima pru\u017ei nezaboravno letnje iskustvo prepuno igre, smeha, kreativnosti i dru\u017eenja! Festival \u0107e se svakog dana odr\u017eavati na maloj bini pored Kraljeve \u010desme, koja \u0107e ovog leta postati epicentar de\u010dije radosti.<\/p>\n\n\n\n<p>Program festivala donosi bogat sadr\u017eaj koji spaja zabavu i edukaciju kroz: de\u010dije predstave \u2013 uz omiljene glumce i pri\u010de koje podsti\u010du ma\u0161tu i emocije, kreativne radionice \u2013 od grn\u010darije i slikanja do pravljenja cvetnih kruna i eksperimenata, animatorske aktivnosti i cirkuske ta\u010dke \u2013 gigantski pajaci, odbojka, balon \u017eurke i edukativne radionice i interaktivna u\u010denja \u2013 mentalna aritmetika, NTC program, lego robotika, \u0161akovski turnir i jo\u0161 mnogo toga.<\/p>\n\n\n\n<p>Festival \u0107e biti sve\u010dano otvoren 19. jula u 18:00 uz Veliku zlatiborsku de\u010diju Dino \u017eurku, uz maskote, animatore, igre i nagrade koje \u0107e obele\u017eiti po\u010detak ove letnje \u010darolije!<\/p>\n\n\n\n<p>De\u010diji letnji festival je namenjen deci svih uzrasta, ali i roditeljima koji \u017eele da sa svojim mali\u0161anima podele dragocene trenutke kroz kreativne, zabavne i edukativne sadr\u017eaje na \u010distom planinskom vazduhu Zlatibora.<\/p>\n\n\n\n<p>Ulaz na sve doga\u0111aje je besplatan, a organizator je Turisti\u010dka organizacija Zlatibor, uz podr\u0161ku Op\u0161tine \u010cajetina i saradnika.<\/p>\n","protected":false},"excerpt":{"rendered":"<p>Od 19. jula do 23. avgusta 2025. godine, Zlatibor \u0107e prvi put postati doma\u0107in De\u010dijeg letnjeg festivala, manifestacije osmi\u0161ljene da najmla\u0111ima pru\u017ei nezaboravno letnje iskustvo &hellip; <\/p>\n","protected":false},"author":2,"featured_media":43338,"comment_status":"closed","ping_status":"open","sticky":false,"template":"","format":"standard","meta":{"footnotes":""},"categories":[2875,14,1524,2,12],"tags":[7069,2876],"_links":{"self":[{"href":"https:\/\/centralmedia.rs\/index.php\/wp-json\/wp\/v2\/posts\/43337"}],"collection":[{"href":"https:\/\/centralmedia.rs\/index.php\/wp-json\/wp\/v2\/posts"}],"about":[{"href":"https:\/\/centralmedia.rs\/index.php\/wp-json\/wp\/v2\/types\/post"}],"author":[{"embeddable":true,"href":"https:\/\/centralmedia.rs\/index.php\/wp-json\/wp\/v2\/users\/2"}],"replies":[{"embeddable":true,"href":"https:\/\/centralmedia.rs\/index.php\/wp-json\/wp\/v2\/comments?post=43337"}],"version-history":[{"count":1,"href":"https:\/\/centralmedia.rs\/index.php\/wp-json\/wp\/v2\/posts\/43337\/revisions"}],"predecessor-version":[{"id":43339,"href":"https:\/\/centralmedia.rs\/index.php\/wp-json\/wp\/v2\/posts\/43337\/revisions\/43339"}],"wp:featuredmedia":[{"embeddable":true,"href":"https:\/\/centralmedia.rs\/index.php\/wp-json\/wp\/v2\/media\/43338"}],"wp:attachment":[{"href":"https:\/\/centralmedia.rs\/index.php\/wp-json\/wp\/v2\/media?parent=43337"}],"wp:term":[{"taxonomy":"category","embeddable":true,"href":"https:\/\/centralmedia.rs\/index.php\/wp-json\/wp\/v2\/categories?post=43337"},{"taxonomy":"post_tag","embeddable":true,"href":"https:\/\/centralmedia.rs\/index.php\/wp-json\/wp\/v2\/tags?post=43337"}],"curies":[{"name":"wp","href":"https:\/\/api.w.org\/{rel}","templated":true}]}}