{"id":43361,"date":"2025-07-23T17:29:39","date_gmt":"2025-07-23T15:29:39","guid":{"rendered":"https:\/\/centralmedia.rs\/?p=43361"},"modified":"2025-08-02T17:30:02","modified_gmt":"2025-08-02T15:30:02","slug":"33-dani-srpskoga-duhovnog-preobrazenja-od-1-do-30-avgusta-u-despotovcu","status":"publish","type":"post","link":"https:\/\/centralmedia.rs\/index.php\/2025\/07\/23\/33-dani-srpskoga-duhovnog-preobrazenja-od-1-do-30-avgusta-u-despotovcu\/","title":{"rendered":"33. DANI SRPSKOGA DUHOVNOG PREOBRA\u017dENJA OD 1. DO 30. AVGUSTA U DESPOTOVCU."},"content":{"rendered":"\n<p>33. \u201eDani srpskoga duhovnog preobra\u017eenja\u201c po\u010dinju u petak, 1. avgusta, sve\u010danom litijom i prenosom mo\u0161tiju Svetog despota Stefana Lazarevi\u0107a.<\/p>\n\n\n\n<figure class=\"wp-block-image size-large\"><img loading=\"lazy\" decoding=\"async\" width=\"768\" height=\"1024\" src=\"http:\/\/centralmedia.rs\/wp-content\/uploads\/2025\/08\/dsdp-768x1024.jpg\" alt=\"\" class=\"wp-image-43362\" srcset=\"https:\/\/centralmedia.rs\/wp-content\/uploads\/2025\/08\/dsdp-768x1024.jpg 768w, https:\/\/centralmedia.rs\/wp-content\/uploads\/2025\/08\/dsdp-225x300.jpg 225w, https:\/\/centralmedia.rs\/wp-content\/uploads\/2025\/08\/dsdp-1152x1536.jpg 1152w, https:\/\/centralmedia.rs\/wp-content\/uploads\/2025\/08\/dsdp.jpg 1440w\" sizes=\"(max-width: 768px) 100vw, 768px\" \/><\/figure>\n\n\n\n<p>Manifestaciju \u0107e otvoriti Hor \u201eBeogradski madrigalisti\u201c, a program obiluje sadr\u017eajima koji povezuju duhovnost, umetnost i kulturu.<\/p>\n\n\n\n<p>Poseban doga\u0111aj bi\u0107e nastup jednog od najpoznatijih meksi\u010dkih folklornih ansambala \u201eVidanza\u201c, kao i izlo\u017eba dela \u010duvene srpske slikarke Nade\u017ede Petrovi\u0107.<\/p>\n\n\n\n<p>Pozori\u0161ni program upotpuni\u0107e predstava \u201eJelena An\u017eujska\u201c sa Marijom Bergam u glavnoj ulozi, dok ljubitelje knji\u017eevnosti o\u010dekuje knji\u017eevno ve\u010de sa dobitnicom NIN-ove nagrade Milenom Markovi\u0107.<\/p>\n\n\n\n<p>Kao i svake godine, centralni deo manifestacije bi\u0107e nau\u010dni skup, koji \u010duva duh i misao srpske istorije i kulture.<\/p>\n\n\n\n<p>Zavr\u0161nica manifestacije rezervisana je za 3. Vite\u0161ki festival \u201eDespot Stefan Lazarevi\u0107\u201c, koji \u0107e se odr\u017eati 29. i 30. avgusta.<\/p>\n\n\n\n<p>Dobro do\u0161li na dane duhovnosti, kulture i vite\u0161kog nasle\u0111a u srcu Srbije!<\/p>\n\n\n\n<p>Program:<\/p>\n\n\n\n<p>Petak, 1. avgust:<\/p>\n\n\n\n<p>8.30 \u010dasova, manastir Manasija<\/p>\n\n\n\n<p>Sveta liturgija<\/p>\n\n\n\n<p>17.00 \u010dasova, gradska crkva Despotovac<\/p>\n\n\n\n<p>Do\u010dek mo\u0161tiju Svetog despota Stefana<\/p>\n\n\n\n<p>18.00 \u010dasova, gradska crkva Despotovac<\/p>\n\n\n\n<p>Litija od gradske crkve do manastira Manasije<\/p>\n\n\n\n<p>19.00 \u010dasova, manastir Manasija<\/p>\n\n\n\n<p>Moleban Svetom despotu Stefanu<\/p>\n\n\n\n<p>20.00 \u010dasova, Porta manastira Manasije<\/p>\n\n\n\n<p>Sve\u010dano otvaranje 33. Dana srpskoga duhovnog preobra\u017eenja<\/p>\n\n\n\n<p>Hor ,,Beogradski madrigalisti\u201c<\/p>\n\n\n\n<p>Nedelja, 3. avgust:<\/p>\n\n\n\n<p>20.30 \u010dasova, Trg despota Stefana Lazarevi\u0107a<\/p>\n\n\n\n<p>Meksi\u010dki folklorni ansambl ,,Vidanza\u201c<\/p>\n\n\n\n<p>Utorak, 5. avgust:<\/p>\n\n\n\n<p>19.00 \u010dasova, Galerija manastirska vodenica<\/p>\n\n\n\n<p>Izlo\u017eba slika sa Likovne kolonije \u201eResava 2025\u201c<\/p>\n\n\n\n<p>Izlo\u017ebu otvara Vlatka Milenkovi\u0107<\/p>\n\n\n\n<p>20.00 \u010dasova, Hol Centra za kulturu \u201eSveti Stefan, despot srpski\u201c<\/p>\n\n\n\n<p>Izlo\u017eba slika Slavi\u0161e Markovi\u0107a<\/p>\n\n\n\n<p>Izlo\u017ebu otvara Vlatka Milenkovi\u0107<\/p>\n\n\n\n<p>\u010cetvrtak, 7. avgust:<\/p>\n\n\n\n<p>10.00 \u010dasova, gradski park<\/p>\n\n\n\n<p>Smotra narodnog ume\u0107a i stvarala\u0161tva<\/p>\n\n\n\n<p>Subota, 9. avgust:<\/p>\n\n\n\n<p>19.00 \u010dasova, Porta manastira Manasije<\/p>\n\n\n\n<p>Duhovno ve\u010de<\/p>\n\n\n\n<p>Arhiepiskop po\u017eareva\u010dki i mitropolit brani\u010devski Ignatije<\/p>\n\n\n\n<p>Utorak, 12. avgust:<\/p>\n\n\n\n<p>17.00 \u010dasova, selo Tru\u0107evac<\/p>\n\n\n\n<p>,,Resava kroz vekove\u201c<\/p>\n\n\n\n<p>Subota, 16. avgust:<\/p>\n\n\n\n<p>19.00 \u010dasova, Porta manastira Manasije<\/p>\n\n\n\n<p>Ve\u010de folklora<\/p>\n\n\n\n<p>Nedelja, 17. avgust:<\/p>\n\n\n\n<p>20.00 \u010dasova, Galerija Centra za kulturu \u201eSveti Stefan, despot srpski\u201c<\/p>\n\n\n\n<p>Izlo\u017eba slika Nade\u017ede Petrovi\u0107<\/p>\n\n\n\n<p>Umetni\u010dak galerija ,,Nade\u017eda Petrovi\u0107\u201c \u010ca\u010dak<\/p>\n\n\n\n<p>Izlo\u017ebu otvara Dragana Bo\u017eovi\u0107<\/p>\n\n\n\n<p>Ponedeljak, 18. avgust:<\/p>\n\n\n\n<p>19.00 \u010dasova, Narodna biblioteka \u201eResavska \u0161kola\u201c<\/p>\n\n\n\n<p>Predstavljanje zbornika radova sa Nau\u010dnog skupa \u201eSrednji vek u srpskoj nauci, istoriji,<\/p>\n\n\n\n<p>knji\u017eevnosti i umetnosti XV\u201c<\/p>\n\n\n\n<p>20.15 \u010dasova, Centar za kulturu \u201eSveti Stefan, despot srpski\u201c<\/p>\n\n\n\n<p>Predstava \u201eStanica\u201c<\/p>\n\n\n\n<p>Teatar ,,Resava\u201c<\/p>\n\n\n\n<p>Tekst po romanu Hrista Boj\u010deva ,,Orkestar Titanik\u201c<\/p>\n\n\n\n<p>Re\u017eija i adaptacija Nemanja Radivojevi\u0107<\/p>\n\n\n\n<p>Utorak, 19. avgust:<\/p>\n\n\n\n<p>10.00 \u010dasova, Narodna biblioteka \u201eResavska \u0161kola\u201c<\/p>\n\n\n\n<p>Nau\u010dni skup \u201eSrednji vek u srpskoj nauci, istoriji, knji\u017eevnosti i umetnosti HVI\u201c<\/p>\n\n\n\n<p>Sreda, 20. avgust:<\/p>\n\n\n\n<p>10.00 \u010dasova, Narodna biblioteka \u201eResavska \u0161kola\u201c<\/p>\n\n\n\n<p>Nau\u010dni skup \u201eSrednji vek u srpskoj nauci, istoriji, knji\u017eevnosti i umetnosti HVI\u201c<\/p>\n\n\n\n<p>Subota, 23. avgust:<\/p>\n\n\n\n<p>12.00 \u010dasova, Centar za kulturu \u201eSveti Stefan, despot srpski\u201c<\/p>\n\n\n\n<p>Predstava za decu ,,Stara\u010dki dom Tri vesela zuba\u201c<\/p>\n\n\n\n<p>Studio glume Centar za kulturu Smederevo<\/p>\n\n\n\n<p>Tekst i re\u017eija Nevena Rako\u010devi\u0107 Pavlovi\u0107<\/p>\n\n\n\n<p>19.30 \u010dasova, Porta manastira Manasije<\/p>\n\n\n\n<p>Koncert tradicionalne muzike<\/p>\n\n\n\n<p>Etno grupa ,,Zlatnik\u201c<\/p>\n\n\n\n<p>Nedelja, 24. avgust:<\/p>\n\n\n\n<p>20.00 \u010dasova, Centar za kulturu \u201eSveti Stefan, despot srpski\u201c<\/p>\n\n\n\n<p>Predstava \u201eJelena An\u017eujska\u201c<\/p>\n\n\n\n<p>Koprodukcija Knja\u017eevsko-srpskog teatra, Narodne biblioteke Budva i Udru\u017eenja<\/p>\n\n\n\n<p>,,Kultura sada\u201c<\/p>\n\n\n\n<p>Tekst Jelena Kajgo<\/p>\n\n\n\n<p>Re\u017eija Tatjana Mandi\u0107 Rigonat<\/p>\n\n\n\n<p>Igraju Marija Bergam, Nikola Milojevi\u0107, Bogdan Milojevi\u0107, Bane Vidakovi\u0107, Avram<\/p>\n\n\n\n<p>Cvetkovi\u0107, Nade\u017eda Jakovljevi\u0107 i Ilija Ivanovi\u0107<\/p>\n\n\n\n<p>Ponedeljak, 25. avgust:<\/p>\n\n\n\n<p>19.00 \u010dasova, Narodna biblioteka \u201eResavska \u0161kola\u201c<\/p>\n\n\n\n<p>Knji\u017eevno ve\u010de<\/p>\n\n\n\n<p>Milena Markovi\u0107<\/p>\n\n\n\n<p>Petak, 29. avgust:<\/p>\n\n\n\n<p>20.00 \u010das, manastir Manasija<\/p>\n\n\n\n<p>3. Vite\u0161ki festival \u201eDespot Stefan Lazarevi\u0107\u201c<\/p>\n\n\n\n<p>Subota, 30. avgust:<\/p>\n\n\n\n<p>13.00 \u010dasova, manastir Manasija<\/p>\n\n\n\n<p>3. Vite\u0161ki festival \u201eDespot Stefan Lazarevi\u0107\u201c<\/p>\n\n\n\n<p>(U vite\u0161kom selu tokom celog dana bi\u0107e organizovane brojne radionice, izlo\u017ebe<\/p>\n\n\n\n<p>rukotvorina, predstavaljanja starih zanata, prodaja vite\u0161kih suvenira, \u0161tandovi<\/p>\n\n\n\n<p>udru\u017eenja sa prodajnim izlo\u017ebama doma\u0107e hrane i pi\u0107a<\/p>\n\n\n\n<p><\/p>\n","protected":false},"excerpt":{"rendered":"<p>33. \u201eDani srpskoga duhovnog preobra\u017eenja\u201c po\u010dinju u petak, 1. avgusta, sve\u010danom litijom i prenosom mo\u0161tiju Svetog despota Stefana Lazarevi\u0107a. Manifestaciju \u0107e otvoriti Hor \u201eBeogradski madrigalisti\u201c, &hellip; <\/p>\n","protected":false},"author":2,"featured_media":43362,"comment_status":"closed","ping_status":"open","sticky":false,"template":"","format":"standard","meta":{"footnotes":""},"categories":[1518,1524,15,12],"tags":[1152],"_links":{"self":[{"href":"https:\/\/centralmedia.rs\/index.php\/wp-json\/wp\/v2\/posts\/43361"}],"collection":[{"href":"https:\/\/centralmedia.rs\/index.php\/wp-json\/wp\/v2\/posts"}],"about":[{"href":"https:\/\/centralmedia.rs\/index.php\/wp-json\/wp\/v2\/types\/post"}],"author":[{"embeddable":true,"href":"https:\/\/centralmedia.rs\/index.php\/wp-json\/wp\/v2\/users\/2"}],"replies":[{"embeddable":true,"href":"https:\/\/centralmedia.rs\/index.php\/wp-json\/wp\/v2\/comments?post=43361"}],"version-history":[{"count":1,"href":"https:\/\/centralmedia.rs\/index.php\/wp-json\/wp\/v2\/posts\/43361\/revisions"}],"predecessor-version":[{"id":43363,"href":"https:\/\/centralmedia.rs\/index.php\/wp-json\/wp\/v2\/posts\/43361\/revisions\/43363"}],"wp:featuredmedia":[{"embeddable":true,"href":"https:\/\/centralmedia.rs\/index.php\/wp-json\/wp\/v2\/media\/43362"}],"wp:attachment":[{"href":"https:\/\/centralmedia.rs\/index.php\/wp-json\/wp\/v2\/media?parent=43361"}],"wp:term":[{"taxonomy":"category","embeddable":true,"href":"https:\/\/centralmedia.rs\/index.php\/wp-json\/wp\/v2\/categories?post=43361"},{"taxonomy":"post_tag","embeddable":true,"href":"https:\/\/centralmedia.rs\/index.php\/wp-json\/wp\/v2\/tags?post=43361"}],"curies":[{"name":"wp","href":"https:\/\/api.w.org\/{rel}","templated":true}]}}