{"id":43428,"date":"2025-08-03T18:47:26","date_gmt":"2025-08-03T16:47:26","guid":{"rendered":"https:\/\/centralmedia.rs\/?p=43428"},"modified":"2025-08-05T18:47:37","modified_gmt":"2025-08-05T16:47:37","slug":"parastos-zrtvama-oluje-u-jagodini-stojkovic-hrvatska-sprovela-drugi-genocid-u-20-veku-nad-srbima","status":"publish","type":"post","link":"https:\/\/centralmedia.rs\/index.php\/2025\/08\/03\/parastos-zrtvama-oluje-u-jagodini-stojkovic-hrvatska-sprovela-drugi-genocid-u-20-veku-nad-srbima\/","title":{"rendered":"PARASTOS \u017dRTVAMA OLUJE U JAGODINI \u2013 STOJKOVI\u0106 : HRVATSKA SPROVELA DRUGI GENOCID U 20. VEKU NAD SRBIMA"},"content":{"rendered":"\n<p>U crkvi Svetih Apostoal Petra i Pavla u Jagodini slu\u017een je u nedelju parastos srpskim \u017ertvama hrvatske genocida\u0161ke akcije Oluja, povodom 30 godina od etni\u010dkog \u010di\u0161\u0107enja 250 hiljada Srba i oko 2.000 ubijenih, dok se 700 vodi kao nestalo . Poverenik manastira Hilandar Milo\u0161 Stojkovi\u0107 tvrdi da su Srbi tada stradali samo zato \u0161to su pravoslevne vere.<\/p>\n\n\n\n<figure class=\"wp-block-image size-large\"><img loading=\"lazy\" decoding=\"async\" width=\"1024\" height=\"573\" src=\"https:\/\/centralmedia.rs\/wp-content\/uploads\/2025\/08\/crkva1-1024x573.jpg\" alt=\"\" class=\"wp-image-43430\" srcset=\"https:\/\/centralmedia.rs\/wp-content\/uploads\/2025\/08\/crkva1-1024x573.jpg 1024w, https:\/\/centralmedia.rs\/wp-content\/uploads\/2025\/08\/crkva1-300x168.jpg 300w, https:\/\/centralmedia.rs\/wp-content\/uploads\/2025\/08\/crkva1-768x430.jpg 768w, https:\/\/centralmedia.rs\/wp-content\/uploads\/2025\/08\/crkva1-820x460.jpg 820w, https:\/\/centralmedia.rs\/wp-content\/uploads\/2025\/08\/crkva1.jpg 1438w\" sizes=\"(max-width: 1024px) 100vw, 1024px\" \/><\/figure>\n\n\n\n<p>-Oluju moramo da pamtimo kao genocid , a bra\u0107u i sestre iz Krajne nikada da ne zaboravimo, kao i njihovo stradanje. Oni su danas u Jagodini i \u010ditavoj Srbiji, \u017eive kao doma\u0107ini, nisu obrukali srpsko ime gde god da su se na\u0161li. Oni i danas u svojim pesmama, srcima i krsnim slavama spominju i \u010duvaju svoje krajeve. Sve \u0161to je nasilno, sve je privemeno, sve \u0161to nam na silu otmu sve je privremeno, pa makar pro\u0161lo 1.000 i 2.000 godina, ka\u017ee Stojkovi\u0107<\/p>\n\n\n\n<p>O tome pri\u010dao i novinar Stevan Grkini\u0107<\/p>\n","protected":false},"excerpt":{"rendered":"<p>U crkvi Svetih Apostoal Petra i Pavla u Jagodini slu\u017een je u nedelju parastos srpskim \u017ertvama hrvatske genocida\u0161ke akcije Oluja, povodom 30 godina od etni\u010dkog &hellip; <\/p>\n","protected":false},"author":2,"featured_media":43429,"comment_status":"closed","ping_status":"open","sticky":false,"template":"","format":"standard","meta":{"footnotes":""},"categories":[1524,20,2,1514,12],"tags":[3280,907],"_links":{"self":[{"href":"https:\/\/centralmedia.rs\/index.php\/wp-json\/wp\/v2\/posts\/43428"}],"collection":[{"href":"https:\/\/centralmedia.rs\/index.php\/wp-json\/wp\/v2\/posts"}],"about":[{"href":"https:\/\/centralmedia.rs\/index.php\/wp-json\/wp\/v2\/types\/post"}],"author":[{"embeddable":true,"href":"https:\/\/centralmedia.rs\/index.php\/wp-json\/wp\/v2\/users\/2"}],"replies":[{"embeddable":true,"href":"https:\/\/centralmedia.rs\/index.php\/wp-json\/wp\/v2\/comments?post=43428"}],"version-history":[{"count":1,"href":"https:\/\/centralmedia.rs\/index.php\/wp-json\/wp\/v2\/posts\/43428\/revisions"}],"predecessor-version":[{"id":43431,"href":"https:\/\/centralmedia.rs\/index.php\/wp-json\/wp\/v2\/posts\/43428\/revisions\/43431"}],"wp:featuredmedia":[{"embeddable":true,"href":"https:\/\/centralmedia.rs\/index.php\/wp-json\/wp\/v2\/media\/43429"}],"wp:attachment":[{"href":"https:\/\/centralmedia.rs\/index.php\/wp-json\/wp\/v2\/media?parent=43428"}],"wp:term":[{"taxonomy":"category","embeddable":true,"href":"https:\/\/centralmedia.rs\/index.php\/wp-json\/wp\/v2\/categories?post=43428"},{"taxonomy":"post_tag","embeddable":true,"href":"https:\/\/centralmedia.rs\/index.php\/wp-json\/wp\/v2\/tags?post=43428"}],"curies":[{"name":"wp","href":"https:\/\/api.w.org\/{rel}","templated":true}]}}