{"id":43483,"date":"2025-08-04T15:21:27","date_gmt":"2025-08-04T13:21:27","guid":{"rendered":"https:\/\/centralmedia.rs\/?p=43483"},"modified":"2025-08-05T20:21:39","modified_gmt":"2025-08-05T18:21:39","slug":"otvoren-sedmi-internacionalni-kamp-ritmicke-gimnastike-u-svilajncu","status":"publish","type":"post","link":"https:\/\/centralmedia.rs\/index.php\/2025\/08\/04\/otvoren-sedmi-internacionalni-kamp-ritmicke-gimnastike-u-svilajncu\/","title":{"rendered":"OTVOREN SEDMI INTERNACIONALNI KAMP RITMI\u010cKE GIMNASTIKE U SVILAJNCU"},"content":{"rendered":"\n<p>Svilajnac je i ove godine doma\u0107in INTERNACIONALNOG KAMPA RITMI\u010cKE GIMNASTIKE u organizaciji Gimnasti\u010dkog kluba \u201eEVITA\u201c uz podr\u0161ku Op\u0161tine Svilajnac, na kome ove godine u\u010destvuje 140 devoj\u010dica i 23 trenera.<\/p>\n\n\n\n<figure class=\"wp-block-gallery has-nested-images columns-default is-cropped wp-block-gallery-1 is-layout-flex wp-block-gallery-is-layout-flex\">\n<figure class=\"wp-block-image size-large\"><img loading=\"lazy\" decoding=\"async\" width=\"1024\" height=\"683\" data-id=\"43485\" src=\"https:\/\/centralmedia.rs\/wp-content\/uploads\/2025\/08\/gimnastika1-1024x683.jpg\" alt=\"\" class=\"wp-image-43485\" srcset=\"https:\/\/centralmedia.rs\/wp-content\/uploads\/2025\/08\/gimnastika1-1024x683.jpg 1024w, https:\/\/centralmedia.rs\/wp-content\/uploads\/2025\/08\/gimnastika1-300x200.jpg 300w, https:\/\/centralmedia.rs\/wp-content\/uploads\/2025\/08\/gimnastika1-768x512.jpg 768w, https:\/\/centralmedia.rs\/wp-content\/uploads\/2025\/08\/gimnastika1-1536x1024.jpg 1536w, https:\/\/centralmedia.rs\/wp-content\/uploads\/2025\/08\/gimnastika1-600x400.jpg 600w, https:\/\/centralmedia.rs\/wp-content\/uploads\/2025\/08\/gimnastika1.jpg 2048w\" sizes=\"(max-width: 1024px) 100vw, 1024px\" \/><\/figure>\n\n\n\n<figure class=\"wp-block-image size-large\"><img loading=\"lazy\" decoding=\"async\" width=\"1024\" height=\"683\" data-id=\"43486\" src=\"https:\/\/centralmedia.rs\/wp-content\/uploads\/2025\/08\/gimnastika2-1024x683.jpg\" alt=\"\" class=\"wp-image-43486\" srcset=\"https:\/\/centralmedia.rs\/wp-content\/uploads\/2025\/08\/gimnastika2-1024x683.jpg 1024w, https:\/\/centralmedia.rs\/wp-content\/uploads\/2025\/08\/gimnastika2-300x200.jpg 300w, https:\/\/centralmedia.rs\/wp-content\/uploads\/2025\/08\/gimnastika2-768x512.jpg 768w, https:\/\/centralmedia.rs\/wp-content\/uploads\/2025\/08\/gimnastika2-1536x1024.jpg 1536w, https:\/\/centralmedia.rs\/wp-content\/uploads\/2025\/08\/gimnastika2-600x400.jpg 600w, https:\/\/centralmedia.rs\/wp-content\/uploads\/2025\/08\/gimnastika2.jpg 2048w\" sizes=\"(max-width: 1024px) 100vw, 1024px\" \/><\/figure>\n\n\n\n<figure class=\"wp-block-image size-large\"><img loading=\"lazy\" decoding=\"async\" width=\"1024\" height=\"683\" data-id=\"43487\" src=\"https:\/\/centralmedia.rs\/wp-content\/uploads\/2025\/08\/gimnastika3-1024x683.jpg\" alt=\"\" class=\"wp-image-43487\" srcset=\"https:\/\/centralmedia.rs\/wp-content\/uploads\/2025\/08\/gimnastika3-1024x683.jpg 1024w, https:\/\/centralmedia.rs\/wp-content\/uploads\/2025\/08\/gimnastika3-300x200.jpg 300w, https:\/\/centralmedia.rs\/wp-content\/uploads\/2025\/08\/gimnastika3-768x512.jpg 768w, https:\/\/centralmedia.rs\/wp-content\/uploads\/2025\/08\/gimnastika3-1536x1024.jpg 1536w, https:\/\/centralmedia.rs\/wp-content\/uploads\/2025\/08\/gimnastika3-600x400.jpg 600w, https:\/\/centralmedia.rs\/wp-content\/uploads\/2025\/08\/gimnastika3.jpg 2048w\" sizes=\"(max-width: 1024px) 100vw, 1024px\" \/><\/figure>\n<\/figure>\n\n\n\n<p>Ove godine, kao jedan od trenera kampa, gostuje olimpijska \u0161ampionka iz Tokija, Erika Zafirova iz Bugarske, koja je istakla kako je njena misija da motivi\u0161e devoj\u010dice da se bave gimnastikom i ostvaruju rezultate i da prenosi svoja iskustva.<\/p>\n\n\n\n<p>Kamp je zvani\u010dno otvorio predsednik op\u0161tine Svilajnac Predrag Milanovi\u0107, koji je po\u017eeleo dobrodo\u0161licu u\u010desnicama kampa i lep boravak u Svilajncu:<\/p>\n\n\n\n<p>\u201cPosebno mi je drago \u0161to vas ima u ovolikom broju i nadam se da \u0107e jednog dana neko od vas mo\u0107i da se pohvali olimpijskom medaljom i velikim uspehom. Op\u0161tina dosta ula\u017ee u sportsku infrastrukturu, kako bi deca imala gde da treniraju, gde da borave tokom kampa i da se dru\u017ee i ponesu najbolje uspomene. Zahvaljujem Gimnasti\u010dkom klubu \u201cEvita\u201d koji radi fenomenalan posao za na\u0161u decu i na\u0161 grad\u201d \u2013 izjavio je Milanovi\u0107 i zvani\u010dno otvorio sedmi Evita kamp.<\/p>\n\n\n\n<p>U Svilajncu na kampu borave u\u010desnice iz Srbije, Hrvatske, Makedonije, \u0160vajcarske, Austrije i Arube, kao i treneri iz Bugarske i Srbije. Kamp traje do 10. avgusta.<\/p>\n","protected":false},"excerpt":{"rendered":"<p>Svilajnac je i ove godine doma\u0107in INTERNACIONALNOG KAMPA RITMI\u010cKE GIMNASTIKE u organizaciji Gimnasti\u010dkog kluba \u201eEVITA\u201c uz podr\u0161ku Op\u0161tine Svilajnac, na kome ove godine u\u010destvuje 140 &hellip; <\/p>\n","protected":false},"author":2,"featured_media":43484,"comment_status":"closed","ping_status":"open","sticky":false,"template":"","format":"standard","meta":{"footnotes":""},"categories":[1524,21,12,1517],"tags":[7085,38],"_links":{"self":[{"href":"https:\/\/centralmedia.rs\/index.php\/wp-json\/wp\/v2\/posts\/43483"}],"collection":[{"href":"https:\/\/centralmedia.rs\/index.php\/wp-json\/wp\/v2\/posts"}],"about":[{"href":"https:\/\/centralmedia.rs\/index.php\/wp-json\/wp\/v2\/types\/post"}],"author":[{"embeddable":true,"href":"https:\/\/centralmedia.rs\/index.php\/wp-json\/wp\/v2\/users\/2"}],"replies":[{"embeddable":true,"href":"https:\/\/centralmedia.rs\/index.php\/wp-json\/wp\/v2\/comments?post=43483"}],"version-history":[{"count":1,"href":"https:\/\/centralmedia.rs\/index.php\/wp-json\/wp\/v2\/posts\/43483\/revisions"}],"predecessor-version":[{"id":43488,"href":"https:\/\/centralmedia.rs\/index.php\/wp-json\/wp\/v2\/posts\/43483\/revisions\/43488"}],"wp:featuredmedia":[{"embeddable":true,"href":"https:\/\/centralmedia.rs\/index.php\/wp-json\/wp\/v2\/media\/43484"}],"wp:attachment":[{"href":"https:\/\/centralmedia.rs\/index.php\/wp-json\/wp\/v2\/media?parent=43483"}],"wp:term":[{"taxonomy":"category","embeddable":true,"href":"https:\/\/centralmedia.rs\/index.php\/wp-json\/wp\/v2\/categories?post=43483"},{"taxonomy":"post_tag","embeddable":true,"href":"https:\/\/centralmedia.rs\/index.php\/wp-json\/wp\/v2\/tags?post=43483"}],"curies":[{"name":"wp","href":"https:\/\/api.w.org\/{rel}","templated":true}]}}