{"id":43519,"date":"2025-08-07T20:56:37","date_gmt":"2025-08-07T18:56:37","guid":{"rendered":"https:\/\/centralmedia.rs\/?p=43519"},"modified":"2025-08-07T20:56:38","modified_gmt":"2025-08-07T18:56:38","slug":"licidersko-srce-2025-od-15-do-19-avgusta-u-uzicu-na-zlatiboru-i-u-visegradu","status":"publish","type":"post","link":"https:\/\/centralmedia.rs\/index.php\/2025\/08\/07\/licidersko-srce-2025-od-15-do-19-avgusta-u-uzicu-na-zlatiboru-i-u-visegradu\/","title":{"rendered":"\u201eLicidersko srce 2025\u201c od 15. do 19. avgusta u U\u017eicu, na Zlatiboru i u Vi\u0161egradu"},"content":{"rendered":"\n<p>Me\u0111unarodni de\u010diji festival folklora \u201eLicidersko srce 2025\u201c bi\u0107e odr\u017ean od 15. do 19. avgusta u U\u017eicu, na Zlatiboru i u Vi\u0161egradu, najavilo je Udru\u017eenje gra\u0111ana \u201eEra\u201c iz U\u017eica u suorganizaciji sa Gradom U\u017eicem, Predstavni\u0161tvom Republike Srpske u Srbiji i Op\u0161tinom \u010cajetina.<\/p>\n\n\n\n<p>Ljubitelji folklora \u0107e mo\u0107i da u\u017eivaju u igrama oko hiljadu mladih folklora\u0161a iz 11 zemalja sveta \u2013 \u0160panije, Meksika, Poljske, Kirgistana, Bugarske, Rusije, Nema\u010dke, Turske, Slovenije, Republike Srpske i Srbije.<\/p>\n\n\n\n<p>\u201eOsim glavnog festivalskog programa, u\u010desnike o\u010dekuju brojni prate\u0107i sadr\u017eaji: folklorna igraonica u kojoj \u0107e sa svojim vr\u0161njacima mo\u0107i da razmene znanja u razli\u010ditim igrama, humanitarna akcija \u201eLicidersko srce deci\u201c kroz koju \u0107e od prodatih suvenira biti prikupljena sredstva za le\u010denje dece u Pedijatrijskoj slu\u017ebi Doma zdravlja u U\u017eicu, kao i mnogi drugi programi. Od ove godine se izlo\u017eba no\u0161nji zemalja u\u010desnica seli iz zatvorenog u prostor na otvorenom i traja\u0107e svih pet dana festivala.\u201c, rekla je jedna od organizatora festivala i rukovodilac de\u010djeg ansambla \u201eEra\u201c Ivana Cvetkovi\u0107.<\/p>\n\n\n\n<p>\u0160ef kabineta predsednika Op\u0161tine, Milojka Bond\u017euli\u0107, je podsetila da pesma i igra najbolje povezuju narode i pojedince i na jedan poseban na\u010din \u0161alju duh zemlje iz koje&nbsp; nosioci tih folklornih igara dolaze.<\/p>\n\n\n\n<p>\u201eNarodna kultura i igra su ne\u0161to najlep\u0161e \u010dime jedna zemlja mo\u017ee da se predstavi i nadam se da \u0107e u\u010desnici festivala biti u prilici da posete neke od najpoznatijih prirodnih lepota Zlatibora kao \u0161to su Stopi\u0107a pe\u0107ina, vodopad u Gostilju ili Muzej \u201eStaro selo\u201c u Sirogojnu i da i na taj na\u010din osete duh na\u0161e planine i gostoprimstvo nas Zlatiboraca, na koje smo jako ponosni.\u201c zaklju\u010dila je Bond\u017euli\u0107.<\/p>\n\n\n\n<p>\u201eLicidersko srce\u201c, 17. po redu, je jedna od najve\u0107ih manifestacija u ovom delu Evrope na kojoj se do sada predstavilo vi\u0161e od 14.000 mladih iz 45 zemalja sveta.<\/p>\n","protected":false},"excerpt":{"rendered":"<p>Me\u0111unarodni de\u010diji festival folklora \u201eLicidersko srce 2025\u201c bi\u0107e odr\u017ean od 15. do 19. avgusta u U\u017eicu, na Zlatiboru i u Vi\u0161egradu, najavilo je Udru\u017eenje gra\u0111ana &hellip; <\/p>\n","protected":false},"author":2,"featured_media":43520,"comment_status":"closed","ping_status":"open","sticky":false,"template":"","format":"standard","meta":{"footnotes":""},"categories":[2875,1524,23,3055],"tags":[7088,2876],"_links":{"self":[{"href":"https:\/\/centralmedia.rs\/index.php\/wp-json\/wp\/v2\/posts\/43519"}],"collection":[{"href":"https:\/\/centralmedia.rs\/index.php\/wp-json\/wp\/v2\/posts"}],"about":[{"href":"https:\/\/centralmedia.rs\/index.php\/wp-json\/wp\/v2\/types\/post"}],"author":[{"embeddable":true,"href":"https:\/\/centralmedia.rs\/index.php\/wp-json\/wp\/v2\/users\/2"}],"replies":[{"embeddable":true,"href":"https:\/\/centralmedia.rs\/index.php\/wp-json\/wp\/v2\/comments?post=43519"}],"version-history":[{"count":1,"href":"https:\/\/centralmedia.rs\/index.php\/wp-json\/wp\/v2\/posts\/43519\/revisions"}],"predecessor-version":[{"id":43521,"href":"https:\/\/centralmedia.rs\/index.php\/wp-json\/wp\/v2\/posts\/43519\/revisions\/43521"}],"wp:featuredmedia":[{"embeddable":true,"href":"https:\/\/centralmedia.rs\/index.php\/wp-json\/wp\/v2\/media\/43520"}],"wp:attachment":[{"href":"https:\/\/centralmedia.rs\/index.php\/wp-json\/wp\/v2\/media?parent=43519"}],"wp:term":[{"taxonomy":"category","embeddable":true,"href":"https:\/\/centralmedia.rs\/index.php\/wp-json\/wp\/v2\/categories?post=43519"},{"taxonomy":"post_tag","embeddable":true,"href":"https:\/\/centralmedia.rs\/index.php\/wp-json\/wp\/v2\/tags?post=43519"}],"curies":[{"name":"wp","href":"https:\/\/api.w.org\/{rel}","templated":true}]}}