{"id":43537,"date":"2025-08-11T19:25:14","date_gmt":"2025-08-11T17:25:14","guid":{"rendered":"https:\/\/centralmedia.rs\/?p=43537"},"modified":"2025-08-13T19:25:25","modified_gmt":"2025-08-13T17:25:25","slug":"naffit-od-3-do-7-septembra-2025-godine","status":"publish","type":"post","link":"https:\/\/centralmedia.rs\/index.php\/2025\/08\/11\/naffit-od-3-do-7-septembra-2025-godine\/","title":{"rendered":"NAFFIT od 3. do 7. septembra 2025 godine"},"content":{"rendered":"\n<p>Nakon dve godine predanog rada i zajedni\u010dkih napora op\u0161tina \u010cajetina, Nova Varo\u0161 i Priboj su na inicijativu Ministarstva kulture, odlukom Vlade Republike Srbije, postale doma\u0107ini NACIONALNOG FESTIVALA FILMA I TELEVIZIJE \u2013 NAFFIT \u010dije \u0107e se prvo takmi\u010darsko izdanje odr\u017eati od 3. do 7. septembra na Zlatiboru. Nagradni fond iznosi 15 miliona dinara i pokriva sve kategorije filmskog i tv stvarala\u0161tva, produkciju, re\u017eiju, glavne i sporedne uloge, scenario, monta\u017eu, kostim, scenografiju, muziku, zvuk, specijalne efekte\u2026itd<\/p>\n\n\n\n<p>Podse\u0107amo da je pro\u0161le godine odr\u017eano je \u201enulto\u201c izdanje festivala, na kome je ustanovljena i dodeljena nagrada za \u017eivotno delo \u2013 prvi laureat bio je proslavljeni srpski glumac Aleksandar Ber\u010dek.<\/p>\n\n\n\n<p>NAFFIT je odlukom Vlade Republike Srbije festival od nacionanog zna\u010daja sa ciljem da vrednuje aktuelnu srpsku filmsku igranu (bioskopsku) i televizijsku produkciju na godi\u0161njem nivou. Okupi\u0107e doma\u0107e i strane stvaraoce, kao i jednu gostuju\u0107u kinematografiju iz regiona. U\u010desnike i goste o\u010dekuju i pi\u010ding sesije, radionice i kulturno-umetni\u010dki program.<\/p>\n\n\n\n<p>Umetni\u010dki savet festivala \u010dine: \u0110or\u0111e Milosavljevi\u0107, Aleksandra Kova\u010d, Nikola Pejakovi\u0107, Miroslav Mogorovi\u0107, Milan Kne\u017eevi\u0107, Nikolina Vu\u010deti\u0107, Sne\u017eana Van Hauvelingen, An\u0111elka Vlaisavljevi\u0107, Danka Milo\u0161evi\u0107, Dubravka Laki\u0107, Tamara Krcunovi\u0107, Milutin Petrovi\u0107, \u0110or\u0111e Vranje\u0161, Filip Dedi\u0107, Slavi\u0161a \u0106urovi\u0107.<\/p>\n\n\n\n<p>U toku je prijava filmova i serija \u2013 poziv je upu\u0107en svim filmovima koji su imali bioskopsku distribuciju od pro\u0161log do ovog septembra, kao i filmovima koji planiraju srpsku bioskopsku distribuciju narednih meseci, a kojima bi prikazivanje na NAFFIT-u bila eventualna doma\u0107a festivalska premijera.<\/p>\n","protected":false},"excerpt":{"rendered":"<p>Nakon dve godine predanog rada i zajedni\u010dkih napora op\u0161tina \u010cajetina, Nova Varo\u0161 i Priboj su na inicijativu Ministarstva kulture, odlukom Vlade Republike Srbije, postale doma\u0107ini &hellip; <\/p>\n","protected":false},"author":2,"featured_media":39740,"comment_status":"closed","ping_status":"open","sticky":false,"template":"","format":"standard","meta":{"footnotes":""},"categories":[2875,1524,15,12],"tags":[6530,7090],"_links":{"self":[{"href":"https:\/\/centralmedia.rs\/index.php\/wp-json\/wp\/v2\/posts\/43537"}],"collection":[{"href":"https:\/\/centralmedia.rs\/index.php\/wp-json\/wp\/v2\/posts"}],"about":[{"href":"https:\/\/centralmedia.rs\/index.php\/wp-json\/wp\/v2\/types\/post"}],"author":[{"embeddable":true,"href":"https:\/\/centralmedia.rs\/index.php\/wp-json\/wp\/v2\/users\/2"}],"replies":[{"embeddable":true,"href":"https:\/\/centralmedia.rs\/index.php\/wp-json\/wp\/v2\/comments?post=43537"}],"version-history":[{"count":1,"href":"https:\/\/centralmedia.rs\/index.php\/wp-json\/wp\/v2\/posts\/43537\/revisions"}],"predecessor-version":[{"id":43538,"href":"https:\/\/centralmedia.rs\/index.php\/wp-json\/wp\/v2\/posts\/43537\/revisions\/43538"}],"wp:featuredmedia":[{"embeddable":true,"href":"https:\/\/centralmedia.rs\/index.php\/wp-json\/wp\/v2\/media\/39740"}],"wp:attachment":[{"href":"https:\/\/centralmedia.rs\/index.php\/wp-json\/wp\/v2\/media?parent=43537"}],"wp:term":[{"taxonomy":"category","embeddable":true,"href":"https:\/\/centralmedia.rs\/index.php\/wp-json\/wp\/v2\/categories?post=43537"},{"taxonomy":"post_tag","embeddable":true,"href":"https:\/\/centralmedia.rs\/index.php\/wp-json\/wp\/v2\/tags?post=43537"}],"curies":[{"name":"wp","href":"https:\/\/api.w.org\/{rel}","templated":true}]}}