{"id":43555,"date":"2025-08-13T19:38:48","date_gmt":"2025-08-13T17:38:48","guid":{"rendered":"https:\/\/centralmedia.rs\/?p=43555"},"modified":"2025-08-13T19:38:48","modified_gmt":"2025-08-13T17:38:48","slug":"kzmijada-2025-od-igara-bez-granica-do-neformalnog-obrazovanja","status":"publish","type":"post","link":"https:\/\/centralmedia.rs\/index.php\/2025\/08\/13\/kzmijada-2025-od-igara-bez-granica-do-neformalnog-obrazovanja\/","title":{"rendered":"KzMijada 2025\u201c \u2013 Od igara bez granica do neformalnog obrazovanja"},"content":{"rendered":"\n<p>Kancelarija za mlade u \u010cajetini organizuje niz edukacija i sportskih aktivnosti za mlade pod nazivom <a><\/a>\u201eKzMijada 2025\u201c koje po\u010dinju u septembru. Projekat traje od jula do decembra, a predavanja i takmi\u010denja \u0107e se realizovati u spetmebru, oktobru i novembru. Cilje ovih aktivnosti je podsticanje mladih na u\u010de\u0161\u0107e u \u017eivotu lokalne zajednice i promocija zdravih stilova \u017eivota.<\/p>\n\n\n\n<figure class=\"wp-block-gallery has-nested-images columns-default is-cropped wp-block-gallery-1 is-layout-flex wp-block-gallery-is-layout-flex\">\n<figure class=\"wp-block-image size-large\"><img loading=\"lazy\" decoding=\"async\" width=\"700\" height=\"490\" data-id=\"43557\" src=\"https:\/\/centralmedia.rs\/wp-content\/uploads\/2025\/08\/4_4.jpg\" alt=\"\" class=\"wp-image-43557\" srcset=\"https:\/\/centralmedia.rs\/wp-content\/uploads\/2025\/08\/4_4.jpg 700w, https:\/\/centralmedia.rs\/wp-content\/uploads\/2025\/08\/4_4-300x210.jpg 300w\" sizes=\"(max-width: 700px) 100vw, 700px\" \/><\/figure>\n\n\n\n<figure class=\"wp-block-image size-large\"><img loading=\"lazy\" decoding=\"async\" width=\"700\" height=\"526\" data-id=\"43558\" src=\"https:\/\/centralmedia.rs\/wp-content\/uploads\/2025\/08\/5_0.jpg\" alt=\"\" class=\"wp-image-43558\" srcset=\"https:\/\/centralmedia.rs\/wp-content\/uploads\/2025\/08\/5_0.jpg 700w, https:\/\/centralmedia.rs\/wp-content\/uploads\/2025\/08\/5_0-300x225.jpg 300w\" sizes=\"(max-width: 700px) 100vw, 700px\" \/><\/figure>\n\n\n\n<figure class=\"wp-block-image size-large\"><img loading=\"lazy\" decoding=\"async\" width=\"700\" height=\"525\" data-id=\"43559\" src=\"https:\/\/centralmedia.rs\/wp-content\/uploads\/2025\/08\/6_1.jpg\" alt=\"\" class=\"wp-image-43559\" srcset=\"https:\/\/centralmedia.rs\/wp-content\/uploads\/2025\/08\/6_1.jpg 700w, https:\/\/centralmedia.rs\/wp-content\/uploads\/2025\/08\/6_1-300x225.jpg 300w\" sizes=\"(max-width: 700px) 100vw, 700px\" \/><\/figure>\n<\/figure>\n\n\n\n<p>Mladi sa teritorije op\u0161tine \u010cajetina \u0107e ste\u0107i neformalna znanja i ve\u0161tine iz razli\u010ditih oblasti: vizuelni identitet, dru\u0161tvene mre\u017ee, turizam, aktivizam, volonterizam, medijska pismenost, informaciona tehnologija i ve\u0161ta\u010dka inteligencija. Predvi\u0111ene su i sportske i takmi\u010darske aktivnosti u kojima \u0107e se mladi nadmetati u igrama bez granica, pojedina\u010dnim i timskim, koje imaju za cilj da podstaknu mlade na aktivan i zdrav \u017eivot.<\/p>\n\n\n\n<p>\u201eOve aktivnosti po\u010dinju u septembru i mladima \u0107e pru\u017eiti priliku da aktivno u\u010destvuju, bez obzira na prethodna znanja o sportu, \u010dime se obezbe\u0111uje inkluzija svih. Sportske aktivnosti su najzna\u010dajnija karika samog projekta jer \u0107e sve ostale obuke i radionice biti povezane sa sportskim aktivnostima na razli\u010dite na\u010dine.\u201c, rekla je koordinatorka Kancelarije za mlade Op\u0161tine \u010cajetina, Dejana Stevanovi\u0107.<\/p>\n\n\n\n<p>Poseban fokus je na razvoju liderskih i komunikacijskih ve\u0161tina, kao i na medijskoj pismenosti. Snimanje kratkih filmova omogu\u0107i\u0107e mladima da javno izraze ideje i pove\u0107aju vidljivost svojih inicijativa.<\/p>\n\n\n\n<p>\u201eSmatram da \u0107e ovaj projekat nama mladima doneti, pre svega, upoznavanje izme\u0111u nas vo-lontera, a igre \u0107e nas usmeriti da se dru\u017eimo vi\u0161e i nau\u010dimo da razmi\u0161ljamo kao tim. Kreativne radionice \u0107e mnogima pomo\u0107i da se usmere prema nekim oblastima koje ih zanimaju. U planu je da snimimo \u010detiri kratka filma koji \u0107e predstaviti nas kao Kan-celariju. Nadam se da \u0107emo i u narednim godinama biti doma\u0107ini i ostalim kancelari-jama u Srbiji.,\u201c rekao je volonter Kancelarije za mlade Op\u0161tine \u010cajetina, Aleksa Mari\u0107.<\/p>\n\n\n\n<p>Razmena iskustava i znanja doprinosi li\u010dnom razvoju mladih, kao i njihovom boljem razumevanju razli\u010ditih dru\u0161tvenih, kulturnih i ekonomskih prilika drugih delova zemlje iz kojih dolaze njihovi vr\u0161njaci.<\/p>\n","protected":false},"excerpt":{"rendered":"<p>Kancelarija za mlade u \u010cajetini organizuje niz edukacija i sportskih aktivnosti za mlade pod nazivom \u201eKzMijada 2025\u201c koje po\u010dinju u septembru. Projekat traje od jula &hellip; <\/p>\n","protected":false},"author":2,"featured_media":43556,"comment_status":"closed","ping_status":"open","sticky":false,"template":"","format":"standard","meta":{"footnotes":""},"categories":[2875,14,1524,2,12],"tags":[2137],"_links":{"self":[{"href":"https:\/\/centralmedia.rs\/index.php\/wp-json\/wp\/v2\/posts\/43555"}],"collection":[{"href":"https:\/\/centralmedia.rs\/index.php\/wp-json\/wp\/v2\/posts"}],"about":[{"href":"https:\/\/centralmedia.rs\/index.php\/wp-json\/wp\/v2\/types\/post"}],"author":[{"embeddable":true,"href":"https:\/\/centralmedia.rs\/index.php\/wp-json\/wp\/v2\/users\/2"}],"replies":[{"embeddable":true,"href":"https:\/\/centralmedia.rs\/index.php\/wp-json\/wp\/v2\/comments?post=43555"}],"version-history":[{"count":1,"href":"https:\/\/centralmedia.rs\/index.php\/wp-json\/wp\/v2\/posts\/43555\/revisions"}],"predecessor-version":[{"id":43560,"href":"https:\/\/centralmedia.rs\/index.php\/wp-json\/wp\/v2\/posts\/43555\/revisions\/43560"}],"wp:featuredmedia":[{"embeddable":true,"href":"https:\/\/centralmedia.rs\/index.php\/wp-json\/wp\/v2\/media\/43556"}],"wp:attachment":[{"href":"https:\/\/centralmedia.rs\/index.php\/wp-json\/wp\/v2\/media?parent=43555"}],"wp:term":[{"taxonomy":"category","embeddable":true,"href":"https:\/\/centralmedia.rs\/index.php\/wp-json\/wp\/v2\/categories?post=43555"},{"taxonomy":"post_tag","embeddable":true,"href":"https:\/\/centralmedia.rs\/index.php\/wp-json\/wp\/v2\/tags?post=43555"}],"curies":[{"name":"wp","href":"https:\/\/api.w.org\/{rel}","templated":true}]}}