{"id":43562,"date":"2025-08-13T19:51:15","date_gmt":"2025-08-13T17:51:15","guid":{"rendered":"https:\/\/centralmedia.rs\/?p=43562"},"modified":"2025-08-13T19:51:16","modified_gmt":"2025-08-13T17:51:16","slug":"protekle-nedelje-odrzani-su-programi-koraci-tradicije-u-selima-dublje-i-radosin-u-organizaciji-centra-za-kulturu-a-pod-pokroviteljstvom-opstine-svilajnac","status":"publish","type":"post","link":"https:\/\/centralmedia.rs\/index.php\/2025\/08\/13\/protekle-nedelje-odrzani-su-programi-koraci-tradicije-u-selima-dublje-i-radosin-u-organizaciji-centra-za-kulturu-a-pod-pokroviteljstvom-opstine-svilajnac\/","title":{"rendered":"Protekle nedelje odr\u017eani su programi \u201eKoraci tradicije\u201c u selima Dublje i Rado\u0161in, u organizaciji Centra za kulturu, a pod pokroviteljstvom Op\u0161tine Svilajnac."},"content":{"rendered":"\n<p>Na <a><\/a>de\u010dijem igrali\u0161tu u Dublju pred brojnim me\u0161tanima nastupili su KUD \u201eSin\u0111eli\u0107\u201c iz Svilajnca i KUD \u201eKu\u0161iljevo\u201c, kao i vokalna solistkinja Petra Dobrosavljevi\u0107 koja i igra u KUD-u Sin\u0111eli\u0107. Ve\u010de u Dublju bilo je jo\u0161 jedan dokaz da sela op\u0161tine Svilajnac imaju snagu da kroz mlade ljude, pesmu i igru sa\u010duvaju ono \u0161to je najvrednije u na\u0161oj tradiciji.<\/p>\n\n\n\n<figure class=\"wp-block-gallery has-nested-images columns-default is-cropped wp-block-gallery-1 is-layout-flex wp-block-gallery-is-layout-flex\">\n<figure class=\"wp-block-image size-large\"><img loading=\"lazy\" decoding=\"async\" width=\"1024\" height=\"1024\" data-id=\"43564\" src=\"https:\/\/centralmedia.rs\/wp-content\/uploads\/2025\/08\/dublje1-1024x1024.jpg\" alt=\"\" class=\"wp-image-43564\" srcset=\"https:\/\/centralmedia.rs\/wp-content\/uploads\/2025\/08\/dublje1-1024x1024.jpg 1024w, https:\/\/centralmedia.rs\/wp-content\/uploads\/2025\/08\/dublje1-300x300.jpg 300w, https:\/\/centralmedia.rs\/wp-content\/uploads\/2025\/08\/dublje1-150x150.jpg 150w, https:\/\/centralmedia.rs\/wp-content\/uploads\/2025\/08\/dublje1-768x768.jpg 768w, https:\/\/centralmedia.rs\/wp-content\/uploads\/2025\/08\/dublje1.jpg 1440w\" sizes=\"(max-width: 1024px) 100vw, 1024px\" \/><\/figure>\n\n\n\n<figure class=\"wp-block-image size-large\"><img loading=\"lazy\" decoding=\"async\" width=\"1024\" height=\"1024\" data-id=\"43565\" src=\"https:\/\/centralmedia.rs\/wp-content\/uploads\/2025\/08\/dublje2-1024x1024.jpg\" alt=\"\" class=\"wp-image-43565\" srcset=\"https:\/\/centralmedia.rs\/wp-content\/uploads\/2025\/08\/dublje2-1024x1024.jpg 1024w, https:\/\/centralmedia.rs\/wp-content\/uploads\/2025\/08\/dublje2-300x300.jpg 300w, https:\/\/centralmedia.rs\/wp-content\/uploads\/2025\/08\/dublje2-150x150.jpg 150w, https:\/\/centralmedia.rs\/wp-content\/uploads\/2025\/08\/dublje2-768x768.jpg 768w, https:\/\/centralmedia.rs\/wp-content\/uploads\/2025\/08\/dublje2.jpg 1440w\" sizes=\"(max-width: 1024px) 100vw, 1024px\" \/><\/figure>\n<\/figure>\n\n\n\n<p>U Rado\u0161inu su na sportskim terenima u centru sela me\u0161tani i gosti u\u017eivali u programu u kome su u\u010destvovali KUD \u201eSin\u0111eli\u0107\u201c iz Svilajnca, KUD \u201eStevan Sin\u0111eli\u0107\u201c iz Vojske i KUD \u201eDimitrije Kati\u0107\u201c iz Crkvenca. Ve\u010de je zavr\u0161eno velikim narodnim kolom u koje su se, pored igra\u010da, priklju\u010dili i me\u0161tani svih generacija, ispuniv\u0161i teren zajedni\u010dkom igrom u duhu starih seoskih sabora.<\/p>\n\n\n\n<figure class=\"wp-block-gallery has-nested-images columns-default is-cropped wp-block-gallery-2 is-layout-flex wp-block-gallery-is-layout-flex\">\n<figure class=\"wp-block-image size-large\"><img loading=\"lazy\" decoding=\"async\" width=\"1024\" height=\"1024\" data-id=\"43568\" src=\"https:\/\/centralmedia.rs\/wp-content\/uploads\/2025\/08\/radosin-1024x1024.jpg\" alt=\"\" class=\"wp-image-43568\" srcset=\"https:\/\/centralmedia.rs\/wp-content\/uploads\/2025\/08\/radosin-1024x1024.jpg 1024w, https:\/\/centralmedia.rs\/wp-content\/uploads\/2025\/08\/radosin-300x300.jpg 300w, https:\/\/centralmedia.rs\/wp-content\/uploads\/2025\/08\/radosin-150x150.jpg 150w, https:\/\/centralmedia.rs\/wp-content\/uploads\/2025\/08\/radosin-768x768.jpg 768w, https:\/\/centralmedia.rs\/wp-content\/uploads\/2025\/08\/radosin.jpg 1440w\" sizes=\"(max-width: 1024px) 100vw, 1024px\" \/><\/figure>\n\n\n\n<figure class=\"wp-block-image size-large\"><img loading=\"lazy\" decoding=\"async\" width=\"1024\" height=\"1024\" data-id=\"43566\" src=\"https:\/\/centralmedia.rs\/wp-content\/uploads\/2025\/08\/radosin1-1024x1024.jpg\" alt=\"\" class=\"wp-image-43566\" srcset=\"https:\/\/centralmedia.rs\/wp-content\/uploads\/2025\/08\/radosin1-1024x1024.jpg 1024w, https:\/\/centralmedia.rs\/wp-content\/uploads\/2025\/08\/radosin1-300x300.jpg 300w, https:\/\/centralmedia.rs\/wp-content\/uploads\/2025\/08\/radosin1-150x150.jpg 150w, https:\/\/centralmedia.rs\/wp-content\/uploads\/2025\/08\/radosin1-768x768.jpg 768w, https:\/\/centralmedia.rs\/wp-content\/uploads\/2025\/08\/radosin1.jpg 1440w\" sizes=\"(max-width: 1024px) 100vw, 1024px\" \/><\/figure>\n\n\n\n<figure class=\"wp-block-image size-large\"><img loading=\"lazy\" decoding=\"async\" width=\"1024\" height=\"1024\" data-id=\"43567\" src=\"https:\/\/centralmedia.rs\/wp-content\/uploads\/2025\/08\/radosin2-1024x1024.jpg\" alt=\"\" class=\"wp-image-43567\" srcset=\"https:\/\/centralmedia.rs\/wp-content\/uploads\/2025\/08\/radosin2-1024x1024.jpg 1024w, https:\/\/centralmedia.rs\/wp-content\/uploads\/2025\/08\/radosin2-300x300.jpg 300w, https:\/\/centralmedia.rs\/wp-content\/uploads\/2025\/08\/radosin2-150x150.jpg 150w, https:\/\/centralmedia.rs\/wp-content\/uploads\/2025\/08\/radosin2-768x768.jpg 768w, https:\/\/centralmedia.rs\/wp-content\/uploads\/2025\/08\/radosin2.jpg 1440w\" sizes=\"(max-width: 1024px) 100vw, 1024px\" \/><\/figure>\n\n\n\n<figure class=\"wp-block-image size-large\"><img loading=\"lazy\" decoding=\"async\" width=\"1024\" height=\"1024\" data-id=\"43569\" src=\"https:\/\/centralmedia.rs\/wp-content\/uploads\/2025\/08\/radosin3-1024x1024.jpg\" alt=\"\" class=\"wp-image-43569\" srcset=\"https:\/\/centralmedia.rs\/wp-content\/uploads\/2025\/08\/radosin3-1024x1024.jpg 1024w, https:\/\/centralmedia.rs\/wp-content\/uploads\/2025\/08\/radosin3-300x300.jpg 300w, https:\/\/centralmedia.rs\/wp-content\/uploads\/2025\/08\/radosin3-150x150.jpg 150w, https:\/\/centralmedia.rs\/wp-content\/uploads\/2025\/08\/radosin3-768x768.jpg 768w, https:\/\/centralmedia.rs\/wp-content\/uploads\/2025\/08\/radosin3.jpg 1440w\" sizes=\"(max-width: 1024px) 100vw, 1024px\" \/><\/figure>\n<\/figure>\n\n\n\n<p>Ove nedelje \u201eKoraci tradicije\u201c odr\u017eavaju se u sredu 13. avgusta u Vrlanu.<\/p>\n","protected":false},"excerpt":{"rendered":"<p>Na de\u010dijem igrali\u0161tu u Dublju pred brojnim me\u0161tanima nastupili su KUD \u201eSin\u0111eli\u0107\u201c iz Svilajnca i KUD \u201eKu\u0161iljevo\u201c, kao i vokalna solistkinja Petra Dobrosavljevi\u0107 koja i &hellip; <\/p>\n","protected":false},"author":2,"featured_media":43563,"comment_status":"closed","ping_status":"open","sticky":false,"template":"","format":"standard","meta":{"footnotes":""},"categories":[1524,2,15,12,1517],"tags":[6030],"_links":{"self":[{"href":"https:\/\/centralmedia.rs\/index.php\/wp-json\/wp\/v2\/posts\/43562"}],"collection":[{"href":"https:\/\/centralmedia.rs\/index.php\/wp-json\/wp\/v2\/posts"}],"about":[{"href":"https:\/\/centralmedia.rs\/index.php\/wp-json\/wp\/v2\/types\/post"}],"author":[{"embeddable":true,"href":"https:\/\/centralmedia.rs\/index.php\/wp-json\/wp\/v2\/users\/2"}],"replies":[{"embeddable":true,"href":"https:\/\/centralmedia.rs\/index.php\/wp-json\/wp\/v2\/comments?post=43562"}],"version-history":[{"count":1,"href":"https:\/\/centralmedia.rs\/index.php\/wp-json\/wp\/v2\/posts\/43562\/revisions"}],"predecessor-version":[{"id":43570,"href":"https:\/\/centralmedia.rs\/index.php\/wp-json\/wp\/v2\/posts\/43562\/revisions\/43570"}],"wp:featuredmedia":[{"embeddable":true,"href":"https:\/\/centralmedia.rs\/index.php\/wp-json\/wp\/v2\/media\/43563"}],"wp:attachment":[{"href":"https:\/\/centralmedia.rs\/index.php\/wp-json\/wp\/v2\/media?parent=43562"}],"wp:term":[{"taxonomy":"category","embeddable":true,"href":"https:\/\/centralmedia.rs\/index.php\/wp-json\/wp\/v2\/categories?post=43562"},{"taxonomy":"post_tag","embeddable":true,"href":"https:\/\/centralmedia.rs\/index.php\/wp-json\/wp\/v2\/tags?post=43562"}],"curies":[{"name":"wp","href":"https:\/\/api.w.org\/{rel}","templated":true}]}}