{"id":43571,"date":"2025-08-14T15:05:33","date_gmt":"2025-08-14T13:05:33","guid":{"rendered":"https:\/\/centralmedia.rs\/?p=43571"},"modified":"2025-08-15T15:05:46","modified_gmt":"2025-08-15T13:05:46","slug":"patrijarh-porfirije-pozvao-na-prekid-sukoba-imamo-samo-jednu-zemlju-jedan-narod-i-potrebni-smo-jedni-drugima","status":"publish","type":"post","link":"https:\/\/centralmedia.rs\/index.php\/2025\/08\/14\/patrijarh-porfirije-pozvao-na-prekid-sukoba-imamo-samo-jednu-zemlju-jedan-narod-i-potrebni-smo-jedni-drugima\/","title":{"rendered":"Patrijarh Porfirije pozvao na prekid sukoba: Imamo samo jednu zemlju, jedan narod i potrebni smo jedni drugima"},"content":{"rendered":"\n<p>Patrijarh Srpske pravoslavne crkve (SPC) patrijarh Porfirije pozvao je danas sve na prekid sukoba.\u201eSa trona Svetog Save pozivam i apelujem na sve \u2013 bez izuzetka, da se obustavi svaki sukob i odbace re\u010di i dela koja nanose bol i rane drugima. Imamo samo jednu zemlju, jedan narod i potrebni smo jedni drugima. Zato ni po koju cenu ne dozvolimo da jedni druge povre\u0111ujemo i proganjamo po ulicama i trgovima\u201c, poru\u010dio je patrijarh Porfirije, navodi SPC.<\/p>\n\n\n\n<p>Patrijarh Porfirije je naveo da \u201eni\u0161ta nije razornije od mr\u017enje, podela i nasilja me\u0111u bra\u0107om\u201c i da ni\u0161ta nije dragocenije \u201eod mira i bratske ljubavi\u201c. <\/p>\n\n\n\n<p>Gospod nas u\u010di da je jedini put dostojan \u010doveka i Bogu ugodan \u2013 put mira i ljubavi. Setimo se danas i poslu\u0161ajmo re\u010di bla\u017eenopo\u010div\u0161eg Patrijarha i oca na\u0161eg Pavla: \u201eBudimo ljudi!\u201c<\/p>\n\n\n\n<p>Molim se Presvetoj Bogorodici, na\u0161oj zastupnici pred prestolom Boga \u017eivoga, da za\u0161titi na\u0161 narod, da ukrepi svaki dobronamerni glas i da u srca svih nas izlije preko potrebni mir koji nadilazi sukobe i podele.<\/p>\n","protected":false},"excerpt":{"rendered":"<p>Patrijarh Srpske pravoslavne crkve (SPC) patrijarh Porfirije pozvao je danas sve na prekid sukoba.\u201eSa trona Svetog Save pozivam i apelujem na sve \u2013 bez izuzetka, &hellip; <\/p>\n","protected":false},"author":2,"featured_media":43572,"comment_status":"closed","ping_status":"open","sticky":false,"template":"","format":"standard","meta":{"footnotes":""},"categories":[1524,20,2,1514,12],"tags":[5191,894],"_links":{"self":[{"href":"https:\/\/centralmedia.rs\/index.php\/wp-json\/wp\/v2\/posts\/43571"}],"collection":[{"href":"https:\/\/centralmedia.rs\/index.php\/wp-json\/wp\/v2\/posts"}],"about":[{"href":"https:\/\/centralmedia.rs\/index.php\/wp-json\/wp\/v2\/types\/post"}],"author":[{"embeddable":true,"href":"https:\/\/centralmedia.rs\/index.php\/wp-json\/wp\/v2\/users\/2"}],"replies":[{"embeddable":true,"href":"https:\/\/centralmedia.rs\/index.php\/wp-json\/wp\/v2\/comments?post=43571"}],"version-history":[{"count":1,"href":"https:\/\/centralmedia.rs\/index.php\/wp-json\/wp\/v2\/posts\/43571\/revisions"}],"predecessor-version":[{"id":43573,"href":"https:\/\/centralmedia.rs\/index.php\/wp-json\/wp\/v2\/posts\/43571\/revisions\/43573"}],"wp:featuredmedia":[{"embeddable":true,"href":"https:\/\/centralmedia.rs\/index.php\/wp-json\/wp\/v2\/media\/43572"}],"wp:attachment":[{"href":"https:\/\/centralmedia.rs\/index.php\/wp-json\/wp\/v2\/media?parent=43571"}],"wp:term":[{"taxonomy":"category","embeddable":true,"href":"https:\/\/centralmedia.rs\/index.php\/wp-json\/wp\/v2\/categories?post=43571"},{"taxonomy":"post_tag","embeddable":true,"href":"https:\/\/centralmedia.rs\/index.php\/wp-json\/wp\/v2\/tags?post=43571"}],"curies":[{"name":"wp","href":"https:\/\/api.w.org\/{rel}","templated":true}]}}