{"id":43579,"date":"2025-08-15T16:45:43","date_gmt":"2025-08-15T14:45:43","guid":{"rendered":"https:\/\/centralmedia.rs\/?p=43579"},"modified":"2025-08-15T16:45:44","modified_gmt":"2025-08-15T14:45:44","slug":"potpredsednik-vlade-srbije-i-ministar-unutrasnjih-poslova-ivica-dacic-povodom-sinocnih-masovnih-napada-na-policiju-pozvao-je-na-mir-i-suzdrzanost-i-upozorio-da-ce-policija-koja-je-tu-da-stiti-javni","status":"publish","type":"post","link":"https:\/\/centralmedia.rs\/index.php\/2025\/08\/15\/potpredsednik-vlade-srbije-i-ministar-unutrasnjih-poslova-ivica-dacic-povodom-sinocnih-masovnih-napada-na-policiju-pozvao-je-na-mir-i-suzdrzanost-i-upozorio-da-ce-policija-koja-je-tu-da-stiti-javni\/","title":{"rendered":"Potpredsednik Vlade Srbije i ministar unutra\u0161njih poslova Ivica Da\u010di\u0107, povodom sino\u0107nih masovnih napada na policiju, pozvao je na mir i suzdr\u017eanost i upozorio da \u0107e policija, koja je tu da \u0161titi javni red i mir, reagovati isklju\u010dio u skladu sa zakonom."},"content":{"rendered":"\n<p>Ministar je istakao da je sino\u0107 povre\u0111eno 75 policijskih slu\u017ebenika, od kojih je 9 sa te\u0161kim telesnim povredama, da je o\u0161te\u0107eno vi\u0161e vozila i uni\u0161teno vi\u0161e od 70 komada za\u0161titne opreme. Dodao je da je u protekla tri dana povre\u0111en ukupno 121 policijski slu\u017ebenik, od kojih je preksino\u0107 povre\u0111eno 27, dok je 19 policajaca povre\u0111eno ve\u010de pre toga.<\/p>\n\n\n\n<p>Ministar Da\u010di\u0107 je rekao da je privedeno 114 lica, da su podnete 34 krivi\u010dne, a 28 prekr\u0161ajnih prijava, kao i da je otkriveno 11 prekr\u0161aja po Zakonu o bezbednosti saobra\u0107aja.<\/p>\n\n\n\n<p>Ministar je poru\u010dio da policajci nikoga ne napadaju, ve\u0107 su tu da \u0161tite javni red i mir.<\/p>\n\n\n\n<p>\u201e\u010cime su ti policajci zaslu\u017eili da ih neko ga\u0111a, da ih neko napada? Nigde ne mo\u017eete videti u opozicionim medijima slike napada na policiju, koje su prethodile intervenciji policije. Imate samo slike intervencije policije, kao reakcija na napad na policiju. Policija ima zakonsko pravo, odnosno obavezu da to uradi. Tako da, \u010dak i tamo gde se vidi na nekim fotografijama da neko dr\u017ei neku \u0161ipku ili motku u ruci, ka\u017ee se &#8211; a to je dr\u017ealica od d\u017eogera. A time \u0161to udara policiju, ko ima pravo da udara policiju i gde to mo\u017ee u svetu?\u201c, rekao je ministar i naglasio da ne postoji policijska brutalnost u kojoj \u0107e biti povre\u0111eno 75 policajaca, dodav\u0161i da su to \u010dinjenice koje ne govori kao politi\u010dar, ve\u0107 kao ministar unutra\u0161njih poslova<\/p>\n\n\n\n<p>Prema njegovim re\u010dima, sino\u0107 oko 23.40 \u010dasova na uglu Nemanjine i Resavske ulice do\u0161lo je do incidenta gde je dr\u017eavljanin Hrvatske, koji se nalazio u grupi sa vi\u0161e lica, vr\u0161io nasilje i napao pripadnika odreda \u017dandarmerije, anga\u017eovanog te ve\u010deri.<\/p>\n\n\n\n<p>\u201eRe\u010d je o Brunu Horvatu, dr\u017eavljaninu Hrvatske, koji je te ve\u010deri u\u0161ao na prelazu kod \u0160ida. \u0160ta tra\u017ei dr\u017eavljanin Hrvatske na protestu i napada \u017dandarmeriju? Zamislite da je neka Srbenda odavde iz Srbije oti\u0161la u Zagreb i napadala policijske slu\u017ebenike. Zna\u010di, on dolazi iz Hrvatske specijalno zbog toga i napada na\u0161u \u017dandarmeriju i sad je to policijska brutalnost\u201c, izjavio je ministar.<\/p>\n\n\n\n<p>Da\u010di\u0107 je dodao da je drugi stranac koji je do\u0161ao zajedno sa hrvatskim dr\u017eavljaninom, dr\u017eavljanin Slovenije, na\u0161eg porekla, Stanislav Kosti\u0107 (1986), koji je zavr\u0161io obave\u0161tajne studije u SAD i radio u Kini, a tre\u0107i italijanski je dr\u017eavljanin Alesio Laterca 1980. godi\u0161te, koji je na privremenom boravku u Srbiji radno, radi u Majkrosoftu. Toliko o tome da nema u\u010de\u0161\u0107a stranog faktora\u201c, istakao je ministar.<\/p>\n","protected":false},"excerpt":{"rendered":"<p>Ministar je istakao da je sino\u0107 povre\u0111eno 75 policijskih slu\u017ebenika, od kojih je 9 sa te\u0161kim telesnim povredama, da je o\u0161te\u0107eno vi\u0161e vozila i uni\u0161teno &hellip; <\/p>\n","protected":false},"author":2,"featured_media":43580,"comment_status":"closed","ping_status":"open","sticky":false,"template":"","format":"standard","meta":{"footnotes":""},"categories":[20,12],"tags":[6867,7093],"_links":{"self":[{"href":"https:\/\/centralmedia.rs\/index.php\/wp-json\/wp\/v2\/posts\/43579"}],"collection":[{"href":"https:\/\/centralmedia.rs\/index.php\/wp-json\/wp\/v2\/posts"}],"about":[{"href":"https:\/\/centralmedia.rs\/index.php\/wp-json\/wp\/v2\/types\/post"}],"author":[{"embeddable":true,"href":"https:\/\/centralmedia.rs\/index.php\/wp-json\/wp\/v2\/users\/2"}],"replies":[{"embeddable":true,"href":"https:\/\/centralmedia.rs\/index.php\/wp-json\/wp\/v2\/comments?post=43579"}],"version-history":[{"count":1,"href":"https:\/\/centralmedia.rs\/index.php\/wp-json\/wp\/v2\/posts\/43579\/revisions"}],"predecessor-version":[{"id":43581,"href":"https:\/\/centralmedia.rs\/index.php\/wp-json\/wp\/v2\/posts\/43579\/revisions\/43581"}],"wp:featuredmedia":[{"embeddable":true,"href":"https:\/\/centralmedia.rs\/index.php\/wp-json\/wp\/v2\/media\/43580"}],"wp:attachment":[{"href":"https:\/\/centralmedia.rs\/index.php\/wp-json\/wp\/v2\/media?parent=43579"}],"wp:term":[{"taxonomy":"category","embeddable":true,"href":"https:\/\/centralmedia.rs\/index.php\/wp-json\/wp\/v2\/categories?post=43579"},{"taxonomy":"post_tag","embeddable":true,"href":"https:\/\/centralmedia.rs\/index.php\/wp-json\/wp\/v2\/tags?post=43579"}],"curies":[{"name":"wp","href":"https:\/\/api.w.org\/{rel}","templated":true}]}}