{"id":43582,"date":"2025-08-15T16:47:06","date_gmt":"2025-08-15T14:47:06","guid":{"rendered":"https:\/\/centralmedia.rs\/?p=43582"},"modified":"2025-08-15T16:47:07","modified_gmt":"2025-08-15T14:47:07","slug":"kad-je-sport-zivot-a-zivot-postane-prica","status":"publish","type":"post","link":"https:\/\/centralmedia.rs\/index.php\/2025\/08\/15\/kad-je-sport-zivot-a-zivot-postane-prica\/","title":{"rendered":"\u201eKad je sport \u017eivot, a \u017eivot postane pri\u010da\u201c"},"content":{"rendered":"\n<p>Pod ovim sloganom \u0107e se u Kulturnom centru i na vi\u0161e lokacija na Zlatiboru od 21. do 24. avgusta odr\u017eati 14. Me\u0111unarodni festival sportskog filma na kome \u0107e biti prikazana neka od najnovijih ostvarenja iz ove oblasti filmskog stvarala\u0161tva.<\/p>\n\n\n\n<figure class=\"wp-block-image size-large\"><img loading=\"lazy\" decoding=\"async\" width=\"1024\" height=\"768\" src=\"https:\/\/centralmedia.rs\/wp-content\/uploads\/2025\/08\/\u041c\u0435\u0452\u0443\u043d\u0430\u0440\u043e\u0434\u043d\u0438-\u0444\u0435\u0441\u0442\u0438\u0432\u0430\u043b-\u0441\u043f\u043e\u0440\u0442\u0441\u043a\u043e\u0433-\u0444\u0438\u043b\u043c\u0430-1024x768.jpg\" alt=\"\" class=\"wp-image-43584\" srcset=\"https:\/\/centralmedia.rs\/wp-content\/uploads\/2025\/08\/\u041c\u0435\u0452\u0443\u043d\u0430\u0440\u043e\u0434\u043d\u0438-\u0444\u0435\u0441\u0442\u0438\u0432\u0430\u043b-\u0441\u043f\u043e\u0440\u0442\u0441\u043a\u043e\u0433-\u0444\u0438\u043b\u043c\u0430-1024x768.jpg 1024w, https:\/\/centralmedia.rs\/wp-content\/uploads\/2025\/08\/\u041c\u0435\u0452\u0443\u043d\u0430\u0440\u043e\u0434\u043d\u0438-\u0444\u0435\u0441\u0442\u0438\u0432\u0430\u043b-\u0441\u043f\u043e\u0440\u0442\u0441\u043a\u043e\u0433-\u0444\u0438\u043b\u043c\u0430-300x225.jpg 300w, https:\/\/centralmedia.rs\/wp-content\/uploads\/2025\/08\/\u041c\u0435\u0452\u0443\u043d\u0430\u0440\u043e\u0434\u043d\u0438-\u0444\u0435\u0441\u0442\u0438\u0432\u0430\u043b-\u0441\u043f\u043e\u0440\u0442\u0441\u043a\u043e\u0433-\u0444\u0438\u043b\u043c\u0430-768x576.jpg 768w, https:\/\/centralmedia.rs\/wp-content\/uploads\/2025\/08\/\u041c\u0435\u0452\u0443\u043d\u0430\u0440\u043e\u0434\u043d\u0438-\u0444\u0435\u0441\u0442\u0438\u0432\u0430\u043b-\u0441\u043f\u043e\u0440\u0442\u0441\u043a\u043e\u0433-\u0444\u0438\u043b\u043c\u0430-1536x1152.jpg 1536w, https:\/\/centralmedia.rs\/wp-content\/uploads\/2025\/08\/\u041c\u0435\u0452\u0443\u043d\u0430\u0440\u043e\u0434\u043d\u0438-\u0444\u0435\u0441\u0442\u0438\u0432\u0430\u043b-\u0441\u043f\u043e\u0440\u0442\u0441\u043a\u043e\u0433-\u0444\u0438\u043b\u043c\u0430.jpg 1600w\" sizes=\"(max-width: 1024px) 100vw, 1024px\" \/><\/figure>\n\n\n\n<p>\u017diri u sastavu Aleksandar Avramovi\u0107, novinar, Marijana Terzin Stoj\u010di\u0107, vi\u0161i stru\u010dni saradnik Jugoslovenske kinoteke i Zoran Pavlja\u0161evi\u0107, filmski reditelj \u0107e me\u0111u 26 filmova iz Srbije, Hrvatske, Bosne i Hercegovine, Makedonije, Slovenije, Azerbejd\u017eana i Turske odabrati najbolje, a festival \u0107e biti sve\u010dano otvoren 21. avgusta u 18 \u010dasova dodelom priznanja za \u017eovotno delo i izuzetan doprinos sportu i filmu.<\/p>\n\n\n\n<p>&#8220;Za prvo izdanje festivala smo imali pote\u0161ko\u0107a da prikupimo dovoljan broj filmova, a sada imamo problem kako da izaberemo najbolje od pristiglih istvarenja iz Srbije i inostranstva. Tokom prethodnih godina smo pomogli osnivanje festivala sportskog filma u Sloveniji, Crnoj Gori i Bosni i Hercegovini i radujemo se sve ve\u0107em broju autora koji se odlu\u010duju za sportsku tematiku&#8221; rekao je Jovan Markovi\u0107, jedan od osniva\u010da i umetni\u010dki direktor festivala, dok je direktor festivala Olivera Nikitovi\u0107 naglasila da \u0107e pored prikazivanja filmova zna\u010dajan segment tokom trajanja festivala biti i promocija sporta na Kraljevom trgu na Zlatiboru. &#8220;Posebni gosti \u0107e nam biti organizatori festivala sportskog filma iz Istanbula, koji su pro\u0161le godine krenuli sa radom&#8221; dodala je Nikitovi\u0107.<\/p>\n\n\n\n<p>Kao i svih prethodnih godina, ogromnu podr\u0161ku zlatiborskom festivalu pru\u017ea Turisti\u010dka organizacija Zlatibor \u010diji je direktor Vladimir \u017divanovi\u0107 istakao da je na\u0161a najpose\u0107enija planina od po\u010detka godine ve\u0107 ugostila oko 200 ekipa koje su tu obavile svoje bazi\u010dne pripreme.<\/p>\n\n\n\n<p>&#8220;Stalno unapre\u0111ujemo sportsku i sme\u0161tajnu infrastrukturu na Zlatiboru i veoma brzo \u0107emo biti ozbiljna konkurencija turskoj Antaliji kada je u pitanju odabir destinacija za pripreme sportista&#8221; istakao je \u017divanovi\u0107.<\/p>\n","protected":false},"excerpt":{"rendered":"<p>Pod ovim sloganom \u0107e se u Kulturnom centru i na vi\u0161e lokacija na Zlatiboru od 21. do 24. avgusta odr\u017eati 14. Me\u0111unarodni festival sportskog filma &hellip; <\/p>\n","protected":false},"author":2,"featured_media":43583,"comment_status":"closed","ping_status":"open","sticky":false,"template":"","format":"standard","meta":{"footnotes":""},"categories":[2875,1524,15,12],"tags":[6632,2876],"_links":{"self":[{"href":"https:\/\/centralmedia.rs\/index.php\/wp-json\/wp\/v2\/posts\/43582"}],"collection":[{"href":"https:\/\/centralmedia.rs\/index.php\/wp-json\/wp\/v2\/posts"}],"about":[{"href":"https:\/\/centralmedia.rs\/index.php\/wp-json\/wp\/v2\/types\/post"}],"author":[{"embeddable":true,"href":"https:\/\/centralmedia.rs\/index.php\/wp-json\/wp\/v2\/users\/2"}],"replies":[{"embeddable":true,"href":"https:\/\/centralmedia.rs\/index.php\/wp-json\/wp\/v2\/comments?post=43582"}],"version-history":[{"count":1,"href":"https:\/\/centralmedia.rs\/index.php\/wp-json\/wp\/v2\/posts\/43582\/revisions"}],"predecessor-version":[{"id":43585,"href":"https:\/\/centralmedia.rs\/index.php\/wp-json\/wp\/v2\/posts\/43582\/revisions\/43585"}],"wp:featuredmedia":[{"embeddable":true,"href":"https:\/\/centralmedia.rs\/index.php\/wp-json\/wp\/v2\/media\/43583"}],"wp:attachment":[{"href":"https:\/\/centralmedia.rs\/index.php\/wp-json\/wp\/v2\/media?parent=43582"}],"wp:term":[{"taxonomy":"category","embeddable":true,"href":"https:\/\/centralmedia.rs\/index.php\/wp-json\/wp\/v2\/categories?post=43582"},{"taxonomy":"post_tag","embeddable":true,"href":"https:\/\/centralmedia.rs\/index.php\/wp-json\/wp\/v2\/tags?post=43582"}],"curies":[{"name":"wp","href":"https:\/\/api.w.org\/{rel}","templated":true}]}}