{"id":4371,"date":"2016-08-22T12:24:45","date_gmt":"2016-08-22T12:24:45","guid":{"rendered":"http:\/\/centralmedia.rs\/?p=4371"},"modified":"2016-08-23T13:56:14","modified_gmt":"2016-08-23T13:56:14","slug":"veterinari-o-zlostavljanom-zdrebetu-nema-tragova-fizickog-psihickog-zlostavljanja","status":"publish","type":"post","link":"https:\/\/centralmedia.rs\/index.php\/2016\/08\/22\/veterinari-o-zlostavljanom-zdrebetu-nema-tragova-fizickog-psihickog-zlostavljanja\/","title":{"rendered":"VETERINARI O ,,ZLOSTAVLJANOM\u201c \u017dDREBETU &#8211; NEMA TRAGOVA FIZI\u010cKOG I PSIHI\u010cKOG ZLOSTAVLJANJA"},"content":{"rendered":"<p>JAGODINA-Informacija i fotografije o zlostavljanju \u017edrebeta u Jagodini koje su objavljene na internet medijima potresle su i uznemirile javosti Srbije, ali, posle izve\u0161taja veterinara, su se ipak ispostavile kao ne ta\u010dne. \u017ddrebe, koje su neki mediji proglasili da je zlostavljano, nema tragova fizi\u010dkog i psihi\u010dkog zlostavljanja, potvr\u0111eno je posle pregleda u jagodinskoj Veterinarskoj stanici u prisustvu veterinarskih inspektora. Navodni vlasnik \u017edrebeta Slobodan Milo\u0161evi\u0107 iz Dobre Vode kod Jagodine priveden u policiju.<div id='gallery-1' class='gallery galleryid-4371 gallery-columns-4 gallery-size-full'><figure class='gallery-item'>\n\t\t\t<div class='gallery-icon landscape'>\n\t\t\t\t<a href='https:\/\/centralmedia.rs\/index.php\/2016\/08\/22\/veterinari-o-zlostavljanom-zdrebetu-nema-tragova-fizickog-psihickog-zlostavljanja\/veterinar-sa-zderebetom-2-jagodina-gj\/'><img loading=\"lazy\" decoding=\"async\" width=\"900\" height=\"675\" src=\"https:\/\/centralmedia.rs\/wp-content\/uploads\/2016\/08\/veterinar-sa-zderebetom-2-jagodina-gj..jpg\" class=\"attachment-full size-full\" alt=\"\" srcset=\"https:\/\/centralmedia.rs\/wp-content\/uploads\/2016\/08\/veterinar-sa-zderebetom-2-jagodina-gj..jpg 900w, https:\/\/centralmedia.rs\/wp-content\/uploads\/2016\/08\/veterinar-sa-zderebetom-2-jagodina-gj.-300x225.jpg 300w, https:\/\/centralmedia.rs\/wp-content\/uploads\/2016\/08\/veterinar-sa-zderebetom-2-jagodina-gj.-768x576.jpg 768w, https:\/\/centralmedia.rs\/wp-content\/uploads\/2016\/08\/veterinar-sa-zderebetom-2-jagodina-gj.-80x60.jpg 80w, https:\/\/centralmedia.rs\/wp-content\/uploads\/2016\/08\/veterinar-sa-zderebetom-2-jagodina-gj.-265x198.jpg 265w\" sizes=\"(max-width: 900px) 100vw, 900px\" \/><\/a>\n\t\t\t<\/div><\/figure><figure class='gallery-item'>\n\t\t\t<div class='gallery-icon landscape'>\n\t\t\t\t<a href='https:\/\/centralmedia.rs\/index.php\/2016\/08\/22\/veterinari-o-zlostavljanom-zdrebetu-nema-tragova-fizickog-psihickog-zlostavljanja\/zderebe\/'><img loading=\"lazy\" decoding=\"async\" width=\"900\" height=\"675\" src=\"https:\/\/centralmedia.rs\/wp-content\/uploads\/2016\/08\/zderebe.jpg\" class=\"attachment-full size-full\" alt=\"\" srcset=\"https:\/\/centralmedia.rs\/wp-content\/uploads\/2016\/08\/zderebe.jpg 900w, https:\/\/centralmedia.rs\/wp-content\/uploads\/2016\/08\/zderebe-300x225.jpg 300w, https:\/\/centralmedia.rs\/wp-content\/uploads\/2016\/08\/zderebe-768x576.jpg 768w, https:\/\/centralmedia.rs\/wp-content\/uploads\/2016\/08\/zderebe-80x60.jpg 80w, https:\/\/centralmedia.rs\/wp-content\/uploads\/2016\/08\/zderebe-265x198.jpg 265w\" sizes=\"(max-width: 900px) 100vw, 900px\" \/><\/a>\n\t\t\t<\/div><\/figure><figure class='gallery-item'>\n\t\t\t<div class='gallery-icon landscape'>\n\t\t\t\t<a href='https:\/\/centralmedia.rs\/index.php\/2016\/08\/22\/veterinari-o-zlostavljanom-zdrebetu-nema-tragova-fizickog-psihickog-zlostavljanja\/zderebe-jagodina-gj\/'><img loading=\"lazy\" decoding=\"async\" width=\"900\" height=\"675\" src=\"https:\/\/centralmedia.rs\/wp-content\/uploads\/2016\/08\/zderebe-jagodina-gj..jpg\" class=\"attachment-full size-full\" alt=\"\" aria-describedby=\"gallery-1-4375\" srcset=\"https:\/\/centralmedia.rs\/wp-content\/uploads\/2016\/08\/zderebe-jagodina-gj..jpg 900w, https:\/\/centralmedia.rs\/wp-content\/uploads\/2016\/08\/zderebe-jagodina-gj.-300x225.jpg 300w, https:\/\/centralmedia.rs\/wp-content\/uploads\/2016\/08\/zderebe-jagodina-gj.-768x576.jpg 768w, https:\/\/centralmedia.rs\/wp-content\/uploads\/2016\/08\/zderebe-jagodina-gj.-80x60.jpg 80w, https:\/\/centralmedia.rs\/wp-content\/uploads\/2016\/08\/zderebe-jagodina-gj.-265x198.jpg 265w\" sizes=\"(max-width: 900px) 100vw, 900px\" \/><\/a>\n\t\t\t<\/div>\n\t\t\t\t<figcaption class='wp-caption-text gallery-caption' id='gallery-1-4375'>\n\t\t\t\tZlostavljano \u017edrebe\n\t\t\t\t<\/figcaption><\/figure><figure class='gallery-item'>\n\t\t\t<div class='gallery-icon landscape'>\n\t\t\t\t<a href='https:\/\/centralmedia.rs\/index.php\/2016\/08\/22\/veterinari-o-zlostavljanom-zdrebetu-nema-tragova-fizickog-psihickog-zlostavljanja\/zderebe-3\/'><img loading=\"lazy\" decoding=\"async\" width=\"900\" height=\"675\" src=\"https:\/\/centralmedia.rs\/wp-content\/uploads\/2016\/08\/zderebe-3.jpg\" class=\"attachment-full size-full\" alt=\"\" srcset=\"https:\/\/centralmedia.rs\/wp-content\/uploads\/2016\/08\/zderebe-3.jpg 900w, https:\/\/centralmedia.rs\/wp-content\/uploads\/2016\/08\/zderebe-3-300x225.jpg 300w, https:\/\/centralmedia.rs\/wp-content\/uploads\/2016\/08\/zderebe-3-768x576.jpg 768w, https:\/\/centralmedia.rs\/wp-content\/uploads\/2016\/08\/zderebe-3-80x60.jpg 80w, https:\/\/centralmedia.rs\/wp-content\/uploads\/2016\/08\/zderebe-3-265x198.jpg 265w\" sizes=\"(max-width: 900px) 100vw, 900px\" \/><\/a>\n\t\t\t<\/div><\/figure>\n\t\t<\/div>\n<br \/>\n\t-Zajedno sa \u0161efom Veterinarske inspekcije i veterinarskim inspektorima izvr\u0161io sam klini\u010dki pregled \u017edrebeta starog oko godinu dana. Vidljivih, sve\u017eih rada na ko\u017ei i mekim organima, na bilo kome delu tela nema. Ono \u0161to mi vidimo nema tragova zlostavljanja, udaraca ili bilo \u010dega. \u017ddrebe je socijalizovano, veselo, jede, tra\u017ei \u0161e\u0107er, nema strah, ose\u0107a se odli\u010dno, jednostavno zdravo \u017edrebe, rekao je direktro Veterinarske stanice u Jagodini dr Slavi\u0161a Tanaskovi\u0107  i dodao da nije poznato ko  je vlasnik \u017edrebeta jer nije \u010dipovano.<br \/>\nLjubitelj i za\u0161titar \u017eivotnja Inda Marjanovi\u0107 potvrdila je da nema tragova zlostavljanja.<br \/>\n\t-Nema rana, nema ni\u010dega po telu. Koliko se razumem u \u017eivotinje, mazi se mo\u017eete da mu pri\u0111ete, pije vodu, jede, nije agresivno, ne deluje upla\u0161eno, sasvim je u redu,   kazala je ona.<br \/>\nMilo\u0161evi\u0107 je priveden u policiju i o\u010dekuje se odluka da li \u0107e mu biti dore\u0111ene zadr\u017eavanje do 48 sati. Zbog zlostavljanja konja pre godinu dana on je osu\u0111en na \u0161est meseci zatvora, tri godine uslovno. Ukoliko tu\u017eila\u0161tvo i sud utvrde da je ponovio krivi\u010dno delo on \u0107e automatski biti sproveden na izdr\u017eavanje kazne.<\/p>\n","protected":false},"excerpt":{"rendered":"<p>JAGODINA-Informacija i fotografije o zlostavljanju \u017edrebeta u Jagodini koje su objavljene na internet medijima potresle su i uznemirile javosti Srbije, ali, posle izve\u0161taja veterinara, su &hellip; <\/p>\n","protected":false},"author":4,"featured_media":4372,"comment_status":"open","ping_status":"open","sticky":false,"template":"","format":"standard","meta":{"footnotes":""},"categories":[20],"tags":[58,1157,1156],"_links":{"self":[{"href":"https:\/\/centralmedia.rs\/index.php\/wp-json\/wp\/v2\/posts\/4371"}],"collection":[{"href":"https:\/\/centralmedia.rs\/index.php\/wp-json\/wp\/v2\/posts"}],"about":[{"href":"https:\/\/centralmedia.rs\/index.php\/wp-json\/wp\/v2\/types\/post"}],"author":[{"embeddable":true,"href":"https:\/\/centralmedia.rs\/index.php\/wp-json\/wp\/v2\/users\/4"}],"replies":[{"embeddable":true,"href":"https:\/\/centralmedia.rs\/index.php\/wp-json\/wp\/v2\/comments?post=4371"}],"version-history":[{"count":0,"href":"https:\/\/centralmedia.rs\/index.php\/wp-json\/wp\/v2\/posts\/4371\/revisions"}],"wp:featuredmedia":[{"embeddable":true,"href":"https:\/\/centralmedia.rs\/index.php\/wp-json\/wp\/v2\/media\/4372"}],"wp:attachment":[{"href":"https:\/\/centralmedia.rs\/index.php\/wp-json\/wp\/v2\/media?parent=4371"}],"wp:term":[{"taxonomy":"category","embeddable":true,"href":"https:\/\/centralmedia.rs\/index.php\/wp-json\/wp\/v2\/categories?post=4371"},{"taxonomy":"post_tag","embeddable":true,"href":"https:\/\/centralmedia.rs\/index.php\/wp-json\/wp\/v2\/tags?post=4371"}],"curies":[{"name":"wp","href":"https:\/\/api.w.org\/{rel}","templated":true}]}}