{"id":43729,"date":"2024-12-27T00:28:00","date_gmt":"2024-12-26T23:28:00","guid":{"rendered":"https:\/\/centralmedia.rs\/?p=43729"},"modified":"2025-08-18T00:28:14","modified_gmt":"2025-08-17T22:28:14","slug":"donacija-za-sticenice-i-obnovu-manastira","status":"publish","type":"post","link":"https:\/\/centralmedia.rs\/index.php\/2024\/12\/27\/donacija-za-sticenice-i-obnovu-manastira\/","title":{"rendered":"DONACIJA ZA \u0160TI\u0106ENICE I OBNOVU MANASTIRA"},"content":{"rendered":"\n<p>Velina Stamenkovi\u0107 izI Humanitarne organizacije Verittas iz Vranja ka\u017ee da se njena porodica bavi humanitarnim radom.<\/p>\n\n\n\n<figure class=\"wp-block-gallery has-nested-images columns-default is-cropped wp-block-gallery-1 is-layout-flex wp-block-gallery-is-layout-flex\">\n<figure class=\"wp-block-image size-large\"><img loading=\"lazy\" decoding=\"async\" width=\"768\" height=\"1024\" data-id=\"43732\" src=\"https:\/\/centralmedia.rs\/wp-content\/uploads\/2025\/08\/veritas-768x1024.jpg\" alt=\"\" class=\"wp-image-43732\" srcset=\"https:\/\/centralmedia.rs\/wp-content\/uploads\/2025\/08\/veritas-768x1024.jpg 768w, https:\/\/centralmedia.rs\/wp-content\/uploads\/2025\/08\/veritas-225x300.jpg 225w, https:\/\/centralmedia.rs\/wp-content\/uploads\/2025\/08\/veritas-1152x1536.jpg 1152w, https:\/\/centralmedia.rs\/wp-content\/uploads\/2025\/08\/veritas.jpg 1200w\" sizes=\"(max-width: 768px) 100vw, 768px\" \/><\/figure>\n\n\n\n<figure class=\"wp-block-image size-large\"><img loading=\"lazy\" decoding=\"async\" width=\"768\" height=\"1024\" data-id=\"43731\" src=\"https:\/\/centralmedia.rs\/wp-content\/uploads\/2025\/08\/veritas1-768x1024.jpg\" alt=\"\" class=\"wp-image-43731\" srcset=\"https:\/\/centralmedia.rs\/wp-content\/uploads\/2025\/08\/veritas1-768x1024.jpg 768w, https:\/\/centralmedia.rs\/wp-content\/uploads\/2025\/08\/veritas1-225x300.jpg 225w, https:\/\/centralmedia.rs\/wp-content\/uploads\/2025\/08\/veritas1-1152x1536.jpg 1152w, https:\/\/centralmedia.rs\/wp-content\/uploads\/2025\/08\/veritas1.jpg 1200w\" sizes=\"(max-width: 768px) 100vw, 768px\" \/><\/figure>\n<\/figure>\n\n\n\n<figure class=\"wp-block-gallery has-nested-images columns-default is-cropped wp-block-gallery-2 is-layout-flex wp-block-gallery-is-layout-flex\">\n<figure class=\"wp-block-image size-large\"><img loading=\"lazy\" decoding=\"async\" width=\"768\" height=\"1024\" data-id=\"43734\" src=\"https:\/\/centralmedia.rs\/wp-content\/uploads\/2025\/08\/VERITAS8-768x1024.jpg\" alt=\"\" class=\"wp-image-43734\" srcset=\"https:\/\/centralmedia.rs\/wp-content\/uploads\/2025\/08\/VERITAS8-768x1024.jpg 768w, https:\/\/centralmedia.rs\/wp-content\/uploads\/2025\/08\/VERITAS8-225x300.jpg 225w, https:\/\/centralmedia.rs\/wp-content\/uploads\/2025\/08\/VERITAS8-1152x1536.jpg 1152w, https:\/\/centralmedia.rs\/wp-content\/uploads\/2025\/08\/VERITAS8.jpg 1200w\" sizes=\"(max-width: 768px) 100vw, 768px\" \/><\/figure>\n\n\n\n<figure class=\"wp-block-image size-large\"><img loading=\"lazy\" decoding=\"async\" width=\"768\" height=\"1024\" data-id=\"43735\" src=\"https:\/\/centralmedia.rs\/wp-content\/uploads\/2025\/08\/VERITAS9-768x1024.jpg\" alt=\"\" class=\"wp-image-43735\" srcset=\"https:\/\/centralmedia.rs\/wp-content\/uploads\/2025\/08\/VERITAS9-768x1024.jpg 768w, https:\/\/centralmedia.rs\/wp-content\/uploads\/2025\/08\/VERITAS9-225x300.jpg 225w, https:\/\/centralmedia.rs\/wp-content\/uploads\/2025\/08\/VERITAS9-1152x1536.jpg 1152w, https:\/\/centralmedia.rs\/wp-content\/uploads\/2025\/08\/VERITAS9.jpg 1200w\" sizes=\"(max-width: 768px) 100vw, 768px\" \/><\/figure>\n<\/figure>\n\n\n\n<p>-Organizovali smo duhovno putovanje i posetu manastiru Sveta Petka u Izvoru kod Para\u0107ina. Doneli smo donaciju \u0161ti\u0107enicama doma. Ima raznih potrep\u0161tina od hrane do hemijskih sredstava. To su na\u0161i \u010dlanovi prikupili.\u00a0 Organizujem humanitarne koncerte duhovne muzike i pesama koje ja pevam i sav prikupljen novac bi\u0107e predat manastiru u Izvoru za \u0161ti\u0107enice i obnovu, ka\u017ee ona.\u00a0\u00a0\u00a0\u00a0<\/p>\n","protected":false},"excerpt":{"rendered":"<p>Velina Stamenkovi\u0107 izI Humanitarne organizacije Verittas iz Vranja ka\u017ee da se njena porodica bavi humanitarnim radom. -Organizovali smo duhovno putovanje i posetu manastiru Sveta Petka &hellip; <\/p>\n","protected":false},"author":2,"featured_media":43733,"comment_status":"closed","ping_status":"open","sticky":false,"template":"","format":"standard","meta":{"footnotes":""},"categories":[14,12],"tags":[328],"_links":{"self":[{"href":"https:\/\/centralmedia.rs\/index.php\/wp-json\/wp\/v2\/posts\/43729"}],"collection":[{"href":"https:\/\/centralmedia.rs\/index.php\/wp-json\/wp\/v2\/posts"}],"about":[{"href":"https:\/\/centralmedia.rs\/index.php\/wp-json\/wp\/v2\/types\/post"}],"author":[{"embeddable":true,"href":"https:\/\/centralmedia.rs\/index.php\/wp-json\/wp\/v2\/users\/2"}],"replies":[{"embeddable":true,"href":"https:\/\/centralmedia.rs\/index.php\/wp-json\/wp\/v2\/comments?post=43729"}],"version-history":[{"count":1,"href":"https:\/\/centralmedia.rs\/index.php\/wp-json\/wp\/v2\/posts\/43729\/revisions"}],"predecessor-version":[{"id":43736,"href":"https:\/\/centralmedia.rs\/index.php\/wp-json\/wp\/v2\/posts\/43729\/revisions\/43736"}],"wp:featuredmedia":[{"embeddable":true,"href":"https:\/\/centralmedia.rs\/index.php\/wp-json\/wp\/v2\/media\/43733"}],"wp:attachment":[{"href":"https:\/\/centralmedia.rs\/index.php\/wp-json\/wp\/v2\/media?parent=43729"}],"wp:term":[{"taxonomy":"category","embeddable":true,"href":"https:\/\/centralmedia.rs\/index.php\/wp-json\/wp\/v2\/categories?post=43729"},{"taxonomy":"post_tag","embeddable":true,"href":"https:\/\/centralmedia.rs\/index.php\/wp-json\/wp\/v2\/tags?post=43729"}],"curies":[{"name":"wp","href":"https:\/\/api.w.org\/{rel}","templated":true}]}}