{"id":43768,"date":"2025-08-20T15:25:25","date_gmt":"2025-08-20T13:25:25","guid":{"rendered":"https:\/\/centralmedia.rs\/?p=43768"},"modified":"2025-08-20T15:25:25","modified_gmt":"2025-08-20T13:25:25","slug":"dalibor-markovic-na-poziv-ambasadora-srbije-u-becu-prisustvovao-karavanu-srpskog-jedinstva-u-trebinju-kome-se-pridruzio-i-predsednik-republike-srpske-milorad-dodik","status":"publish","type":"post","link":"https:\/\/centralmedia.rs\/index.php\/2025\/08\/20\/dalibor-markovic-na-poziv-ambasadora-srbije-u-becu-prisustvovao-karavanu-srpskog-jedinstva-u-trebinju-kome-se-pridruzio-i-predsednik-republike-srpske-milorad-dodik\/","title":{"rendered":"DALIBOR MARKOVI\u0106 NA POZIV AMBASADORA SRBIJE U BE\u010cU PRISUSTVOVAO KARAVANU SRPSKOG JEDINSTVA U TREBINjU KOME SE PRIDRU\u017dIO I PREDSEDNIK REPUBLIKE SRPSKE MILORAD DODIK"},"content":{"rendered":"\n<p>U Trebinju je 18. i 19. avgusta odr\u017ean Karavan srpskog jedinstva na inicijativu ambasadora Srbije u Be\u010du Marka Blagojevi\u0107a i \u0161efa Predstavni\u0161tva Republike Srpske u Be\u010du Mladena Filipovi\u0107a.<\/p>\n\n\n\n<figure class=\"wp-block-gallery has-nested-images columns-default is-cropped wp-block-gallery-1 is-layout-flex wp-block-gallery-is-layout-flex\">\n<figure class=\"wp-block-image size-large\"><img loading=\"lazy\" decoding=\"async\" width=\"1024\" height=\"576\" data-id=\"43770\" src=\"https:\/\/centralmedia.rs\/wp-content\/uploads\/2025\/08\/dalibor-1024x576.jpg\" alt=\"\" class=\"wp-image-43770\" srcset=\"https:\/\/centralmedia.rs\/wp-content\/uploads\/2025\/08\/dalibor-1024x576.jpg 1024w, https:\/\/centralmedia.rs\/wp-content\/uploads\/2025\/08\/dalibor-300x169.jpg 300w, https:\/\/centralmedia.rs\/wp-content\/uploads\/2025\/08\/dalibor-768x432.jpg 768w, https:\/\/centralmedia.rs\/wp-content\/uploads\/2025\/08\/dalibor-1536x864.jpg 1536w, https:\/\/centralmedia.rs\/wp-content\/uploads\/2025\/08\/dalibor-820x460.jpg 820w, https:\/\/centralmedia.rs\/wp-content\/uploads\/2025\/08\/dalibor-1260x710.jpg 1260w, https:\/\/centralmedia.rs\/wp-content\/uploads\/2025\/08\/dalibor.jpg 1600w\" sizes=\"(max-width: 1024px) 100vw, 1024px\" \/><\/figure>\n\n\n\n<figure class=\"wp-block-image size-large\"><img loading=\"lazy\" decoding=\"async\" width=\"1024\" height=\"523\" data-id=\"43775\" src=\"https:\/\/centralmedia.rs\/wp-content\/uploads\/2025\/08\/dalibor1-1024x523.jpg\" alt=\"\" class=\"wp-image-43775\" srcset=\"https:\/\/centralmedia.rs\/wp-content\/uploads\/2025\/08\/dalibor1-1024x523.jpg 1024w, https:\/\/centralmedia.rs\/wp-content\/uploads\/2025\/08\/dalibor1-300x153.jpg 300w, https:\/\/centralmedia.rs\/wp-content\/uploads\/2025\/08\/dalibor1-768x392.jpg 768w, https:\/\/centralmedia.rs\/wp-content\/uploads\/2025\/08\/dalibor1-1536x785.jpg 1536w, https:\/\/centralmedia.rs\/wp-content\/uploads\/2025\/08\/dalibor1.jpg 1809w\" sizes=\"(max-width: 1024px) 100vw, 1024px\" \/><\/figure>\n\n\n\n<figure class=\"wp-block-image size-large\"><img loading=\"lazy\" decoding=\"async\" width=\"1024\" height=\"716\" data-id=\"43771\" src=\"https:\/\/centralmedia.rs\/wp-content\/uploads\/2025\/08\/dalibor2-1024x716.jpg\" alt=\"\" class=\"wp-image-43771\" srcset=\"https:\/\/centralmedia.rs\/wp-content\/uploads\/2025\/08\/dalibor2-1024x716.jpg 1024w, https:\/\/centralmedia.rs\/wp-content\/uploads\/2025\/08\/dalibor2-300x210.jpg 300w, https:\/\/centralmedia.rs\/wp-content\/uploads\/2025\/08\/dalibor2-768x537.jpg 768w, https:\/\/centralmedia.rs\/wp-content\/uploads\/2025\/08\/dalibor2.jpg 1322w\" sizes=\"(max-width: 1024px) 100vw, 1024px\" \/><\/figure>\n\n\n\n<figure class=\"wp-block-image size-large\"><img loading=\"lazy\" decoding=\"async\" width=\"1024\" height=\"473\" data-id=\"43772\" src=\"https:\/\/centralmedia.rs\/wp-content\/uploads\/2025\/08\/dalibor3-1024x473.jpg\" alt=\"\" class=\"wp-image-43772\" srcset=\"https:\/\/centralmedia.rs\/wp-content\/uploads\/2025\/08\/dalibor3-1024x473.jpg 1024w, https:\/\/centralmedia.rs\/wp-content\/uploads\/2025\/08\/dalibor3-300x139.jpg 300w, https:\/\/centralmedia.rs\/wp-content\/uploads\/2025\/08\/dalibor3-768x355.jpg 768w, https:\/\/centralmedia.rs\/wp-content\/uploads\/2025\/08\/dalibor3-1536x709.jpg 1536w, https:\/\/centralmedia.rs\/wp-content\/uploads\/2025\/08\/dalibor3.jpg 1600w\" sizes=\"(max-width: 1024px) 100vw, 1024px\" \/><\/figure>\n\n\n\n<figure class=\"wp-block-image size-large\"><img loading=\"lazy\" decoding=\"async\" width=\"1024\" height=\"674\" data-id=\"43774\" src=\"https:\/\/centralmedia.rs\/wp-content\/uploads\/2025\/08\/dalibor4-1024x674.jpg\" alt=\"\" class=\"wp-image-43774\" srcset=\"https:\/\/centralmedia.rs\/wp-content\/uploads\/2025\/08\/dalibor4-1024x674.jpg 1024w, https:\/\/centralmedia.rs\/wp-content\/uploads\/2025\/08\/dalibor4-300x197.jpg 300w, https:\/\/centralmedia.rs\/wp-content\/uploads\/2025\/08\/dalibor4-768x505.jpg 768w, https:\/\/centralmedia.rs\/wp-content\/uploads\/2025\/08\/dalibor4-1536x1010.jpg 1536w, https:\/\/centralmedia.rs\/wp-content\/uploads\/2025\/08\/dalibor4.jpg 2048w\" sizes=\"(max-width: 1024px) 100vw, 1024px\" \/><\/figure>\n\n\n\n<figure class=\"wp-block-image size-large\"><img loading=\"lazy\" decoding=\"async\" width=\"1024\" height=\"473\" data-id=\"43773\" src=\"https:\/\/centralmedia.rs\/wp-content\/uploads\/2025\/08\/dalibor5-1024x473.jpg\" alt=\"\" class=\"wp-image-43773\" srcset=\"https:\/\/centralmedia.rs\/wp-content\/uploads\/2025\/08\/dalibor5-1024x473.jpg 1024w, https:\/\/centralmedia.rs\/wp-content\/uploads\/2025\/08\/dalibor5-300x139.jpg 300w, https:\/\/centralmedia.rs\/wp-content\/uploads\/2025\/08\/dalibor5-768x355.jpg 768w, https:\/\/centralmedia.rs\/wp-content\/uploads\/2025\/08\/dalibor5-1536x710.jpg 1536w, https:\/\/centralmedia.rs\/wp-content\/uploads\/2025\/08\/dalibor5.jpg 2048w\" sizes=\"(max-width: 1024px) 100vw, 1024px\" \/><\/figure>\n\n\n\n<figure class=\"wp-block-image size-large\"><img loading=\"lazy\" decoding=\"async\" width=\"1024\" height=\"768\" data-id=\"43776\" src=\"https:\/\/centralmedia.rs\/wp-content\/uploads\/2025\/08\/dalibor6-1024x768.jpg\" alt=\"\" class=\"wp-image-43776\" srcset=\"https:\/\/centralmedia.rs\/wp-content\/uploads\/2025\/08\/dalibor6-1024x768.jpg 1024w, https:\/\/centralmedia.rs\/wp-content\/uploads\/2025\/08\/dalibor6-300x225.jpg 300w, https:\/\/centralmedia.rs\/wp-content\/uploads\/2025\/08\/dalibor6-768x576.jpg 768w, https:\/\/centralmedia.rs\/wp-content\/uploads\/2025\/08\/dalibor6-1536x1152.jpg 1536w, https:\/\/centralmedia.rs\/wp-content\/uploads\/2025\/08\/dalibor6.jpg 1600w\" sizes=\"(max-width: 1024px) 100vw, 1024px\" \/><\/figure>\n<\/figure>\n\n\n\n<p> U karavanu su, pored ambasadora Marka Blagojevi\u0107a i Mladena Filipovi\u0107a bili i potpredsednik Jedinstvene Srbije Dalibor Markovi\u0107, ministar trgovine i turizma Republike Srpske Denis \u0160uli\u0107, ispred SPS mladi socijalista Luka Da\u010di\u0107, savetnik ministra unutra\u0161njih poslova Srbije Ivice Da\u010di\u0107a za dijasporu i regionalnu saradnju Marko \u0160\u0107epanovi\u0107, generalni konzul Srbije u Njujorku Vladimir Bo\u017eovi\u0107, kao i 50 privrednika iz Austrije me\u0111u kojima je i privrednik iz Be\u010da Stevan Jakovljevi\u0107, uglavnom srpskog porekla i nekoliko privrednika iz SAD. Potpredsednik Jedinstvene Srbije Dalibor Markovi\u0107 se zahvalio na pozivu ambasadoru Srbije u Be\u010du Marko Blagojevi\u0107u. &#8220;Ambasador Blagojevi\u0107 u Be\u010du je jedini ambasador koji se na ovaj pragmati\u010dan na\u010din bori za Srbiju i Republiku Srpsku i za srpski narod, kako u dijaspori tako i u matici, a to je upravo pokazao dovo\u0111enjem privrednika iz Austrije u Srbiju i Republiku Srpsku&#8221;, rekao je Dalibor Markovi\u0107 i \u010destitao Trebinju na gostoprimstvu. &#8220;Trebinje je izuzetno lep grad, ljudi su gostoljubivi maksimalno i ono \u0161to je mene emotivno dirnulo je obra\u0107anje gradona\u010delnika Trebinja Mirka \u0106uri\u0107a, koji je govorio o socijalnom i razvojem programu grada Trebinja, kao da je govorio o Jagodini, jer je socijalni program Trebinja prepisan socijalni program Jagodine koji je moj otac Dragan Markovi\u0107 Palma sprovodio 20 godina u Jagodini. Izme\u0111u ostalog i zato je Trebinje uspe\u0161an grad&#8221;, istakao je potpredsednik Jedinstvene Srbije Dalibor Markovi\u0107. Obra\u0107aju\u0107i se \u010dlanovima Karavana srpskog jedinstva u Trebinju, predsednik Republike Srpske Milorad Dodik je podr\u017eao ovu inicijativu i istakao da je politi\u010dka evropska elita dovela Evropu u problem. &#8220;Ja verujem u politiku koju vodi Donald Tramp i mislim da u naredne dve godine imamo \u0161ansu da re\u0161imo na\u0161e nacionalno pitanje. Tramp je spasio na\u0161 suverenisti\u010dki pogled na\u00a0 politiku. Mi nemamo problem sa zapadom u smislu ekonomije, ali imamo problem sa evropskim politi\u010dkim elitama koji su doveli do toga da je Evropa danas globalno bezna\u010dajna. Mi pozdravljamo na\u0161e ljude koji su biznismeni u Evropi i pru\u017ei\u0107emo im maksimalnu podr\u0161ku za investicije u Republici Srpskoj&#8221;, izjavio je Dodik. Ambasador Marko Blagojevi\u0107 je rekao da zajedni\u0161tvo danas veoma va\u017eno.&#8221;Mi smo karavan srpskog jedinstva i veoma sam ponosan na na\u0161e aktivnosti i imamo podr\u0161ku i Banjaluke i Beograda, a i Jagodine koja je zahvaljuju\u0107i Draganu Markovi\u0107u Palmi najvi\u0161e doprineo austrijsko &#8211; srpskog saradnji. \u0160ef Predstavni\u0161tva Republike Srpske u Be\u010du Mladen Filipovi\u0107 je rekao da je karavan srpskog jedinstva u Trebinju uspeo i mi privrednici dajemo punu podr\u0161ku predsednicima Aleksandru Vu\u010di\u0107u i Miloradu Dodiku. Ministar trgovine i turizma u Vladi Republike Srpske Denis \u0160uli\u0107 i savetnik ministra unutra\u0161njih poslova Srbije Ivice Da\u010di\u0107a Marko \u0160\u0107epanovi\u0107 su dali punu podr\u0161ku ovoj inicijativu i pozvali na sabornost i jedinstvo. Karavan srpskog jedinstva imao je dva prijema u Skup\u0161tini grada Trebinja, obi\u0161li u manastire Gra\u010danicu i Tvrdo\u0161, istorijske ta\u010dke Trebinja, a prisustvovali su sve\u010danostima povodom Preobra\u017eenja, slave Trebinja i razgovarali sa doma\u0107im privrednicima.<\/p>\n","protected":false},"excerpt":{"rendered":"<p>U Trebinju je 18. i 19. avgusta odr\u017ean Karavan srpskog jedinstva na inicijativu ambasadora Srbije u Be\u010du Marka Blagojevi\u0107a i \u0161efa Predstavni\u0161tva Republike Srpske u &hellip; <\/p>\n","protected":false},"author":2,"featured_media":43769,"comment_status":"closed","ping_status":"open","sticky":false,"template":"","format":"standard","meta":{"footnotes":""},"categories":[1524,1514,13,12],"tags":[6794,6081],"_links":{"self":[{"href":"https:\/\/centralmedia.rs\/index.php\/wp-json\/wp\/v2\/posts\/43768"}],"collection":[{"href":"https:\/\/centralmedia.rs\/index.php\/wp-json\/wp\/v2\/posts"}],"about":[{"href":"https:\/\/centralmedia.rs\/index.php\/wp-json\/wp\/v2\/types\/post"}],"author":[{"embeddable":true,"href":"https:\/\/centralmedia.rs\/index.php\/wp-json\/wp\/v2\/users\/2"}],"replies":[{"embeddable":true,"href":"https:\/\/centralmedia.rs\/index.php\/wp-json\/wp\/v2\/comments?post=43768"}],"version-history":[{"count":1,"href":"https:\/\/centralmedia.rs\/index.php\/wp-json\/wp\/v2\/posts\/43768\/revisions"}],"predecessor-version":[{"id":43777,"href":"https:\/\/centralmedia.rs\/index.php\/wp-json\/wp\/v2\/posts\/43768\/revisions\/43777"}],"wp:featuredmedia":[{"embeddable":true,"href":"https:\/\/centralmedia.rs\/index.php\/wp-json\/wp\/v2\/media\/43769"}],"wp:attachment":[{"href":"https:\/\/centralmedia.rs\/index.php\/wp-json\/wp\/v2\/media?parent=43768"}],"wp:term":[{"taxonomy":"category","embeddable":true,"href":"https:\/\/centralmedia.rs\/index.php\/wp-json\/wp\/v2\/categories?post=43768"},{"taxonomy":"post_tag","embeddable":true,"href":"https:\/\/centralmedia.rs\/index.php\/wp-json\/wp\/v2\/tags?post=43768"}],"curies":[{"name":"wp","href":"https:\/\/api.w.org\/{rel}","templated":true}]}}