{"id":4378,"date":"2016-08-22T15:44:18","date_gmt":"2016-08-22T15:44:18","guid":{"rendered":"http:\/\/centralmedia.rs\/?p=4378"},"modified":"2017-01-16T13:32:02","modified_gmt":"2017-01-16T13:32:02","slug":"likovne-izlozbe-klasicna-muzika","status":"publish","type":"post","link":"https:\/\/centralmedia.rs\/index.php\/2016\/08\/22\/likovne-izlozbe-klasicna-muzika\/","title":{"rendered":"LIKOVNE IZLO\u017dBE I KLASI\u010cNA MUZIKA"},"content":{"rendered":"<p>DESPOTOVAC-Na 24. Danima srpskoga duhovnog preobra\u017eena u Despotovcu u Manastorskoj vodenici otvorena je izlo\u017eba slika dvadesetak autora sa kolonije Resava 2016., dok je u Centru za kulturu prire\u0111ena izlo\u017eba slika Slobodana Daneta Popovi\u0107a.<\/p>\n<p><div id='gallery-1' class='gallery galleryid-4378 gallery-columns-2 gallery-size-full'><figure class='gallery-item'>\n\t\t\t<div class='gallery-icon landscape'>\n\t\t\t\t<a href='https:\/\/centralmedia.rs\/index.php\/2016\/08\/22\/likovne-izlozbe-klasicna-muzika\/dane-popovic\/'><img loading=\"lazy\" decoding=\"async\" width=\"900\" height=\"675\" src=\"https:\/\/centralmedia.rs\/wp-content\/uploads\/2016\/08\/dane-popovic.jpg\" class=\"attachment-full size-full\" alt=\"\" srcset=\"https:\/\/centralmedia.rs\/wp-content\/uploads\/2016\/08\/dane-popovic.jpg 900w, https:\/\/centralmedia.rs\/wp-content\/uploads\/2016\/08\/dane-popovic-300x225.jpg 300w, https:\/\/centralmedia.rs\/wp-content\/uploads\/2016\/08\/dane-popovic-768x576.jpg 768w, https:\/\/centralmedia.rs\/wp-content\/uploads\/2016\/08\/dane-popovic-80x60.jpg 80w, https:\/\/centralmedia.rs\/wp-content\/uploads\/2016\/08\/dane-popovic-265x198.jpg 265w\" sizes=\"(max-width: 900px) 100vw, 900px\" \/><\/a>\n\t\t\t<\/div><\/figure><figure class='gallery-item'>\n\t\t\t<div class='gallery-icon landscape'>\n\t\t\t\t<a href='https:\/\/centralmedia.rs\/index.php\/2016\/08\/22\/likovne-izlozbe-klasicna-muzika\/slikarska-kolonija-1\/'><img loading=\"lazy\" decoding=\"async\" width=\"900\" height=\"675\" src=\"https:\/\/centralmedia.rs\/wp-content\/uploads\/2016\/08\/slikarska-kolonija-1.jpg\" class=\"attachment-full size-full\" alt=\"\" srcset=\"https:\/\/centralmedia.rs\/wp-content\/uploads\/2016\/08\/slikarska-kolonija-1.jpg 900w, https:\/\/centralmedia.rs\/wp-content\/uploads\/2016\/08\/slikarska-kolonija-1-300x225.jpg 300w, https:\/\/centralmedia.rs\/wp-content\/uploads\/2016\/08\/slikarska-kolonija-1-768x576.jpg 768w, https:\/\/centralmedia.rs\/wp-content\/uploads\/2016\/08\/slikarska-kolonija-1-80x60.jpg 80w, https:\/\/centralmedia.rs\/wp-content\/uploads\/2016\/08\/slikarska-kolonija-1-265x198.jpg 265w\" sizes=\"(max-width: 900px) 100vw, 900px\" \/><\/a>\n\t\t\t<\/div><\/figure>\n\t\t<\/div>\n<br \/>\n-Zadovoljstvo je kada se napravi dobar program i kada se realizuje bez problema. O\u010dekuje nas Vite\u0161ki turnir JUST OUT u petak,subotu i nedelju, pozivam sve ljubitelje vite\u0161kih ve\u0161tina, oklopa i tradicije da do\u0111u podno zidina Manasije , rekao je predsednik Organizacionog odbora Mom\u010dilo Vuksanovi\u0107.<\/p>\n<p><div id='gallery-2' class='gallery galleryid-4378 gallery-columns-2 gallery-size-full'><figure class='gallery-item'>\n\t\t\t<div class='gallery-icon landscape'>\n\t\t\t\t<a href='https:\/\/centralmedia.rs\/index.php\/2016\/08\/22\/likovne-izlozbe-klasicna-muzika\/dane-popovic-1\/'><img loading=\"lazy\" decoding=\"async\" width=\"900\" height=\"675\" src=\"https:\/\/centralmedia.rs\/wp-content\/uploads\/2016\/08\/dane-popovic-1.jpg\" class=\"attachment-full size-full\" alt=\"\" srcset=\"https:\/\/centralmedia.rs\/wp-content\/uploads\/2016\/08\/dane-popovic-1.jpg 900w, https:\/\/centralmedia.rs\/wp-content\/uploads\/2016\/08\/dane-popovic-1-300x225.jpg 300w, https:\/\/centralmedia.rs\/wp-content\/uploads\/2016\/08\/dane-popovic-1-768x576.jpg 768w, https:\/\/centralmedia.rs\/wp-content\/uploads\/2016\/08\/dane-popovic-1-80x60.jpg 80w, https:\/\/centralmedia.rs\/wp-content\/uploads\/2016\/08\/dane-popovic-1-265x198.jpg 265w\" sizes=\"(max-width: 900px) 100vw, 900px\" \/><\/a>\n\t\t\t<\/div><\/figure><figure class='gallery-item'>\n\t\t\t<div class='gallery-icon landscape'>\n\t\t\t\t<a href='https:\/\/centralmedia.rs\/index.php\/2016\/08\/22\/likovne-izlozbe-klasicna-muzika\/maestro-borko-miljkovic\/'><img loading=\"lazy\" decoding=\"async\" width=\"900\" height=\"675\" src=\"https:\/\/centralmedia.rs\/wp-content\/uploads\/2016\/08\/maestro-borko-miljkovic.jpg\" class=\"attachment-full size-full\" alt=\"\" srcset=\"https:\/\/centralmedia.rs\/wp-content\/uploads\/2016\/08\/maestro-borko-miljkovic.jpg 900w, https:\/\/centralmedia.rs\/wp-content\/uploads\/2016\/08\/maestro-borko-miljkovic-300x225.jpg 300w, https:\/\/centralmedia.rs\/wp-content\/uploads\/2016\/08\/maestro-borko-miljkovic-768x576.jpg 768w, https:\/\/centralmedia.rs\/wp-content\/uploads\/2016\/08\/maestro-borko-miljkovic-80x60.jpg 80w, https:\/\/centralmedia.rs\/wp-content\/uploads\/2016\/08\/maestro-borko-miljkovic-265x198.jpg 265w\" sizes=\"(max-width: 900px) 100vw, 900px\" \/><\/a>\n\t\t\t<\/div><\/figure>\n\t\t<\/div>\n<br \/>\n-Imamo sve razloge da budemo zadovoljni manifestacijom, jer je po\u010dela veoma izuzetno. To je logi\u010dna posledica dugoro\u010dne pripreme manifestacije, pogodilo smo ukus publike i zadr\u017eali na visokim umetni\u010dkim vrednostima svih programa, istakao je pomo\u0107nik predsednika optine i \u010dlan Organizacionog odbora Goran Milojkovi\u0107<br \/>\nU Narodnoj biblioteci prire\u0111eno je ve\u010de klasi\u010dne muzike, a muzicirao je pijanista Borko Milojkovi\u0107.<\/p>\n<p><em><strong>Pozitivni primeri-Razglednica iz Despotovca \u2013 Projekat se realizuje uz pomo\u0107 sredstava iz bud\u017eeta Op\u0161tine Despotovac<\/strong><\/em><\/p>\n","protected":false},"excerpt":{"rendered":"<p>DESPOTOVAC-Na 24. Danima srpskoga duhovnog preobra\u017eena u Despotovcu u Manastorskoj vodenici otvorena je izlo\u017eba slika dvadesetak autora sa kolonije Resava 2016., dok je u Centru &hellip; <\/p>\n","protected":false},"author":4,"featured_media":4379,"comment_status":"open","ping_status":"open","sticky":false,"template":"","format":"standard","meta":{"footnotes":""},"categories":[1518,1524,15,887,12],"tags":[1158,51,50],"_links":{"self":[{"href":"https:\/\/centralmedia.rs\/index.php\/wp-json\/wp\/v2\/posts\/4378"}],"collection":[{"href":"https:\/\/centralmedia.rs\/index.php\/wp-json\/wp\/v2\/posts"}],"about":[{"href":"https:\/\/centralmedia.rs\/index.php\/wp-json\/wp\/v2\/types\/post"}],"author":[{"embeddable":true,"href":"https:\/\/centralmedia.rs\/index.php\/wp-json\/wp\/v2\/users\/4"}],"replies":[{"embeddable":true,"href":"https:\/\/centralmedia.rs\/index.php\/wp-json\/wp\/v2\/comments?post=4378"}],"version-history":[{"count":0,"href":"https:\/\/centralmedia.rs\/index.php\/wp-json\/wp\/v2\/posts\/4378\/revisions"}],"wp:featuredmedia":[{"embeddable":true,"href":"https:\/\/centralmedia.rs\/index.php\/wp-json\/wp\/v2\/media\/4379"}],"wp:attachment":[{"href":"https:\/\/centralmedia.rs\/index.php\/wp-json\/wp\/v2\/media?parent=4378"}],"wp:term":[{"taxonomy":"category","embeddable":true,"href":"https:\/\/centralmedia.rs\/index.php\/wp-json\/wp\/v2\/categories?post=4378"},{"taxonomy":"post_tag","embeddable":true,"href":"https:\/\/centralmedia.rs\/index.php\/wp-json\/wp\/v2\/tags?post=4378"}],"curies":[{"name":"wp","href":"https:\/\/api.w.org\/{rel}","templated":true}]}}