{"id":43804,"date":"2025-08-05T20:50:20","date_gmt":"2025-08-05T18:50:20","guid":{"rendered":"https:\/\/centralmedia.rs\/?p=43804"},"modified":"2025-08-21T20:50:30","modified_gmt":"2025-08-21T18:50:30","slug":"otvorena-izlozba-slika-sa-likovne-kolonije-resava-2025","status":"publish","type":"post","link":"https:\/\/centralmedia.rs\/index.php\/2025\/08\/05\/otvorena-izlozba-slika-sa-likovne-kolonije-resava-2025\/","title":{"rendered":"OTVORENA IZLO\u017dBA SLIKA SA LIKOVNE KOLONIJE RESAVA 2025"},"content":{"rendered":"\n<p>U Galeriji manastirske vodenice u Despotovcu, je otvorena izlo\u017eba slika nastalih tokom 33. Likovne kolonije \u201eResava 2025\u201c. Posetioci su imali priliku da vide radove umetnika iz Srbije i inostranstva, inspirisane duhovnim i kulturnim nasle\u0111em resavskog kraja. Izlo\u017ebu je otvorila Vlatka Milenkovi\u0107.<\/p>\n\n\n\n<figure class=\"wp-block-image size-large\"><img loading=\"lazy\" decoding=\"async\" width=\"1024\" height=\"768\" src=\"https:\/\/centralmedia.rs\/wp-content\/uploads\/2025\/08\/izlozba1-1024x768.jpg\" alt=\"\" class=\"wp-image-43806\" srcset=\"https:\/\/centralmedia.rs\/wp-content\/uploads\/2025\/08\/izlozba1-1024x768.jpg 1024w, https:\/\/centralmedia.rs\/wp-content\/uploads\/2025\/08\/izlozba1-300x225.jpg 300w, https:\/\/centralmedia.rs\/wp-content\/uploads\/2025\/08\/izlozba1-768x576.jpg 768w, https:\/\/centralmedia.rs\/wp-content\/uploads\/2025\/08\/izlozba1-1536x1152.jpg 1536w, https:\/\/centralmedia.rs\/wp-content\/uploads\/2025\/08\/izlozba1.jpg 2048w\" sizes=\"(max-width: 1024px) 100vw, 1024px\" \/><\/figure>\n\n\n\n<p>OTVORENA IZLO\u017dBA SLIKA SLAVI\u0160E MARKOVI\u0106A<\/p>\n\n\n\n<p>U okviru manifestacije \u201eDani srpskoga duhovnog preobra\u017eenja\u201c, u holu Centra za kulturu u Despotovcu, je otvorena izlo\u017eba slika slikara Slavi\u0161e Markovi\u0107a. Na otvaranju je nastupio i Gradski hor Centra za kulturu &#8220;Sveti Stefan, despot srpski&#8221; a izlo\u017ebu je otvorila Vlatka Milenkovi\u0107.<\/p>\n","protected":false},"excerpt":{"rendered":"<p>U Galeriji manastirske vodenice u Despotovcu, je otvorena izlo\u017eba slika nastalih tokom 33. Likovne kolonije \u201eResava 2025\u201c. Posetioci su imali priliku da vide radove umetnika &hellip; <\/p>\n","protected":false},"author":2,"featured_media":43805,"comment_status":"closed","ping_status":"open","sticky":false,"template":"","format":"standard","meta":{"footnotes":""},"categories":[1518,1524,15,12],"tags":[7101],"_links":{"self":[{"href":"https:\/\/centralmedia.rs\/index.php\/wp-json\/wp\/v2\/posts\/43804"}],"collection":[{"href":"https:\/\/centralmedia.rs\/index.php\/wp-json\/wp\/v2\/posts"}],"about":[{"href":"https:\/\/centralmedia.rs\/index.php\/wp-json\/wp\/v2\/types\/post"}],"author":[{"embeddable":true,"href":"https:\/\/centralmedia.rs\/index.php\/wp-json\/wp\/v2\/users\/2"}],"replies":[{"embeddable":true,"href":"https:\/\/centralmedia.rs\/index.php\/wp-json\/wp\/v2\/comments?post=43804"}],"version-history":[{"count":1,"href":"https:\/\/centralmedia.rs\/index.php\/wp-json\/wp\/v2\/posts\/43804\/revisions"}],"predecessor-version":[{"id":43807,"href":"https:\/\/centralmedia.rs\/index.php\/wp-json\/wp\/v2\/posts\/43804\/revisions\/43807"}],"wp:featuredmedia":[{"embeddable":true,"href":"https:\/\/centralmedia.rs\/index.php\/wp-json\/wp\/v2\/media\/43805"}],"wp:attachment":[{"href":"https:\/\/centralmedia.rs\/index.php\/wp-json\/wp\/v2\/media?parent=43804"}],"wp:term":[{"taxonomy":"category","embeddable":true,"href":"https:\/\/centralmedia.rs\/index.php\/wp-json\/wp\/v2\/categories?post=43804"},{"taxonomy":"post_tag","embeddable":true,"href":"https:\/\/centralmedia.rs\/index.php\/wp-json\/wp\/v2\/tags?post=43804"}],"curies":[{"name":"wp","href":"https:\/\/api.w.org\/{rel}","templated":true}]}}