{"id":43820,"date":"2025-08-16T20:58:55","date_gmt":"2025-08-16T18:58:55","guid":{"rendered":"https:\/\/centralmedia.rs\/?p=43820"},"modified":"2025-08-21T20:59:07","modified_gmt":"2025-08-21T18:59:07","slug":"otvorena-izlozba-slika-nadezde-petrovic","status":"publish","type":"post","link":"https:\/\/centralmedia.rs\/index.php\/2025\/08\/16\/otvorena-izlozba-slika-nadezde-petrovic\/","title":{"rendered":"OTVORENA IZLO\u017dBA SLIKA NADE\u017dDE PETROVI\u0106"},"content":{"rendered":"\n<p>U galeriji Centra za kulturu u Despotovcu, u okviru 33. &#8220;Dana srpskoga duhovnog preobra\u017eenja&#8221; otvorena izlo\u017eba slika Nade\u017ede Petrovi\u0107, jedne od najzna\u010dajnijih umetnica sa po\u010detka 20. veka.<\/p>\n\n\n\n<p>Izlo\u017ebu je otvorila Dragana Bo\u017eovi\u0107, iz Umetni\u010dke galerije &#8220;Nade\u017eda Petrovi\u0107&#8221; iz \u010ca\u010dka, a postavka \u0107e za posetioce biti otvorena narednih sedam dana.<\/p>\n","protected":false},"excerpt":{"rendered":"<p>U galeriji Centra za kulturu u Despotovcu, u okviru 33. &#8220;Dana srpskoga duhovnog preobra\u017eenja&#8221; otvorena izlo\u017eba slika Nade\u017ede Petrovi\u0107, jedne od najzna\u010dajnijih umetnica sa po\u010detka &hellip; <\/p>\n","protected":false},"author":2,"featured_media":43821,"comment_status":"closed","ping_status":"open","sticky":false,"template":"","format":"standard","meta":{"footnotes":""},"categories":[1518,1524,15,12],"tags":[2385],"_links":{"self":[{"href":"https:\/\/centralmedia.rs\/index.php\/wp-json\/wp\/v2\/posts\/43820"}],"collection":[{"href":"https:\/\/centralmedia.rs\/index.php\/wp-json\/wp\/v2\/posts"}],"about":[{"href":"https:\/\/centralmedia.rs\/index.php\/wp-json\/wp\/v2\/types\/post"}],"author":[{"embeddable":true,"href":"https:\/\/centralmedia.rs\/index.php\/wp-json\/wp\/v2\/users\/2"}],"replies":[{"embeddable":true,"href":"https:\/\/centralmedia.rs\/index.php\/wp-json\/wp\/v2\/comments?post=43820"}],"version-history":[{"count":1,"href":"https:\/\/centralmedia.rs\/index.php\/wp-json\/wp\/v2\/posts\/43820\/revisions"}],"predecessor-version":[{"id":43822,"href":"https:\/\/centralmedia.rs\/index.php\/wp-json\/wp\/v2\/posts\/43820\/revisions\/43822"}],"wp:featuredmedia":[{"embeddable":true,"href":"https:\/\/centralmedia.rs\/index.php\/wp-json\/wp\/v2\/media\/43821"}],"wp:attachment":[{"href":"https:\/\/centralmedia.rs\/index.php\/wp-json\/wp\/v2\/media?parent=43820"}],"wp:term":[{"taxonomy":"category","embeddable":true,"href":"https:\/\/centralmedia.rs\/index.php\/wp-json\/wp\/v2\/categories?post=43820"},{"taxonomy":"post_tag","embeddable":true,"href":"https:\/\/centralmedia.rs\/index.php\/wp-json\/wp\/v2\/tags?post=43820"}],"curies":[{"name":"wp","href":"https:\/\/api.w.org\/{rel}","templated":true}]}}