{"id":43869,"date":"2025-08-28T11:04:53","date_gmt":"2025-08-28T09:04:53","guid":{"rendered":"https:\/\/centralmedia.rs\/?p=43869"},"modified":"2025-08-31T11:05:01","modified_gmt":"2025-08-31T09:05:01","slug":"koncert-darka-lazica","status":"publish","type":"post","link":"https:\/\/centralmedia.rs\/index.php\/2025\/08\/28\/koncert-darka-lazica\/","title":{"rendered":"KONCERT DARKA LAZI\u0106A"},"content":{"rendered":"\n<p>Koncert Darka Lazi\u0107a u centru Jagodine ve\u010deras je pratilo vi\u0161e hiljada gra\u0111ana.<\/p>\n","protected":false},"excerpt":{"rendered":"<p>Koncert Darka Lazi\u0107a u centru Jagodine ve\u010deras je pratilo vi\u0161e hiljada gra\u0111ana.<\/p>\n","protected":false},"author":2,"featured_media":43870,"comment_status":"closed","ping_status":"open","sticky":false,"template":"","format":"standard","meta":{"footnotes":""},"categories":[1524,1514,23,3055],"tags":[7106],"_links":{"self":[{"href":"https:\/\/centralmedia.rs\/index.php\/wp-json\/wp\/v2\/posts\/43869"}],"collection":[{"href":"https:\/\/centralmedia.rs\/index.php\/wp-json\/wp\/v2\/posts"}],"about":[{"href":"https:\/\/centralmedia.rs\/index.php\/wp-json\/wp\/v2\/types\/post"}],"author":[{"embeddable":true,"href":"https:\/\/centralmedia.rs\/index.php\/wp-json\/wp\/v2\/users\/2"}],"replies":[{"embeddable":true,"href":"https:\/\/centralmedia.rs\/index.php\/wp-json\/wp\/v2\/comments?post=43869"}],"version-history":[{"count":1,"href":"https:\/\/centralmedia.rs\/index.php\/wp-json\/wp\/v2\/posts\/43869\/revisions"}],"predecessor-version":[{"id":43871,"href":"https:\/\/centralmedia.rs\/index.php\/wp-json\/wp\/v2\/posts\/43869\/revisions\/43871"}],"wp:featuredmedia":[{"embeddable":true,"href":"https:\/\/centralmedia.rs\/index.php\/wp-json\/wp\/v2\/media\/43870"}],"wp:attachment":[{"href":"https:\/\/centralmedia.rs\/index.php\/wp-json\/wp\/v2\/media?parent=43869"}],"wp:term":[{"taxonomy":"category","embeddable":true,"href":"https:\/\/centralmedia.rs\/index.php\/wp-json\/wp\/v2\/categories?post=43869"},{"taxonomy":"post_tag","embeddable":true,"href":"https:\/\/centralmedia.rs\/index.php\/wp-json\/wp\/v2\/tags?post=43869"}],"curies":[{"name":"wp","href":"https:\/\/api.w.org\/{rel}","templated":true}]}}