{"id":4391,"date":"2016-08-23T11:46:17","date_gmt":"2016-08-23T11:46:17","guid":{"rendered":"http:\/\/centralmedia.rs\/?p=4391"},"modified":"2017-01-16T13:30:20","modified_gmt":"2017-01-16T13:30:20","slug":"trio-misko-plavi-lena-kovacevic","status":"publish","type":"post","link":"https:\/\/centralmedia.rs\/index.php\/2016\/08\/23\/trio-misko-plavi-lena-kovacevic\/","title":{"rendered":"TRIO MI\u0160KO PLAVI I LENA KOVA\u010cEVI\u0106"},"content":{"rendered":"<p>DESPOTOVAC \u2013 U okviru 24. Dana srpskog druhovnog preobra\u017eenja u Despotovcu su kao trio nastupili Mi\u0161ko Plavi, Vasil Had\u017eimanov i Sr\u0111an Dukni\u0107-D\u017eoni, a gost bila je Lena Kova\u010devi\u0107.<\/p>\n<p><div id='gallery-1' class='gallery galleryid-4391 gallery-columns-4 gallery-size-large'><figure class='gallery-item'>\n\t\t\t<div class='gallery-icon landscape'>\n\t\t\t\t<a href='https:\/\/centralmedia.rs\/index.php\/2016\/08\/23\/trio-misko-plavi-lena-kovacevic\/koncert-2-despotovac-g-j\/'><img loading=\"lazy\" decoding=\"async\" width=\"760\" height=\"570\" src=\"https:\/\/centralmedia.rs\/wp-content\/uploads\/2016\/08\/koncert-2-despotovac-g.j..jpg\" class=\"attachment-large size-large\" alt=\"\" srcset=\"https:\/\/centralmedia.rs\/wp-content\/uploads\/2016\/08\/koncert-2-despotovac-g.j..jpg 900w, https:\/\/centralmedia.rs\/wp-content\/uploads\/2016\/08\/koncert-2-despotovac-g.j.-300x225.jpg 300w, https:\/\/centralmedia.rs\/wp-content\/uploads\/2016\/08\/koncert-2-despotovac-g.j.-768x576.jpg 768w, https:\/\/centralmedia.rs\/wp-content\/uploads\/2016\/08\/koncert-2-despotovac-g.j.-80x60.jpg 80w, https:\/\/centralmedia.rs\/wp-content\/uploads\/2016\/08\/koncert-2-despotovac-g.j.-265x198.jpg 265w\" sizes=\"(max-width: 760px) 100vw, 760px\" \/><\/a>\n\t\t\t<\/div><\/figure><figure class='gallery-item'>\n\t\t\t<div class='gallery-icon landscape'>\n\t\t\t\t<a href='https:\/\/centralmedia.rs\/index.php\/2016\/08\/23\/trio-misko-plavi-lena-kovacevic\/koncert-3-despotovac-g-j\/'><img loading=\"lazy\" decoding=\"async\" width=\"760\" height=\"570\" src=\"https:\/\/centralmedia.rs\/wp-content\/uploads\/2016\/08\/koncert-3-despotovac-g.j..jpg\" class=\"attachment-large size-large\" alt=\"\" srcset=\"https:\/\/centralmedia.rs\/wp-content\/uploads\/2016\/08\/koncert-3-despotovac-g.j..jpg 900w, https:\/\/centralmedia.rs\/wp-content\/uploads\/2016\/08\/koncert-3-despotovac-g.j.-300x225.jpg 300w, https:\/\/centralmedia.rs\/wp-content\/uploads\/2016\/08\/koncert-3-despotovac-g.j.-768x576.jpg 768w, https:\/\/centralmedia.rs\/wp-content\/uploads\/2016\/08\/koncert-3-despotovac-g.j.-80x60.jpg 80w, https:\/\/centralmedia.rs\/wp-content\/uploads\/2016\/08\/koncert-3-despotovac-g.j.-265x198.jpg 265w\" sizes=\"(max-width: 760px) 100vw, 760px\" \/><\/a>\n\t\t\t<\/div><\/figure><figure class='gallery-item'>\n\t\t\t<div class='gallery-icon landscape'>\n\t\t\t\t<a href='https:\/\/centralmedia.rs\/index.php\/2016\/08\/23\/trio-misko-plavi-lena-kovacevic\/koncert-despotovac-g-j\/'><img loading=\"lazy\" decoding=\"async\" width=\"760\" height=\"570\" src=\"https:\/\/centralmedia.rs\/wp-content\/uploads\/2016\/08\/koncert-despotovac-g.j..jpg\" class=\"attachment-large size-large\" alt=\"\" srcset=\"https:\/\/centralmedia.rs\/wp-content\/uploads\/2016\/08\/koncert-despotovac-g.j..jpg 900w, https:\/\/centralmedia.rs\/wp-content\/uploads\/2016\/08\/koncert-despotovac-g.j.-300x225.jpg 300w, https:\/\/centralmedia.rs\/wp-content\/uploads\/2016\/08\/koncert-despotovac-g.j.-768x576.jpg 768w, https:\/\/centralmedia.rs\/wp-content\/uploads\/2016\/08\/koncert-despotovac-g.j.-80x60.jpg 80w, https:\/\/centralmedia.rs\/wp-content\/uploads\/2016\/08\/koncert-despotovac-g.j.-265x198.jpg 265w\" sizes=\"(max-width: 760px) 100vw, 760px\" \/><\/a>\n\t\t\t<\/div><\/figure><figure class='gallery-item'>\n\t\t\t<div class='gallery-icon landscape'>\n\t\t\t\t<a href='https:\/\/centralmedia.rs\/index.php\/2016\/08\/23\/trio-misko-plavi-lena-kovacevic\/koncert-4-despotovac-g-j\/'><img loading=\"lazy\" decoding=\"async\" width=\"760\" height=\"570\" src=\"https:\/\/centralmedia.rs\/wp-content\/uploads\/2016\/08\/koncert-4-despotovac-g.j..jpg\" class=\"attachment-large size-large\" alt=\"\" srcset=\"https:\/\/centralmedia.rs\/wp-content\/uploads\/2016\/08\/koncert-4-despotovac-g.j..jpg 900w, https:\/\/centralmedia.rs\/wp-content\/uploads\/2016\/08\/koncert-4-despotovac-g.j.-300x225.jpg 300w, https:\/\/centralmedia.rs\/wp-content\/uploads\/2016\/08\/koncert-4-despotovac-g.j.-768x576.jpg 768w, https:\/\/centralmedia.rs\/wp-content\/uploads\/2016\/08\/koncert-4-despotovac-g.j.-80x60.jpg 80w, https:\/\/centralmedia.rs\/wp-content\/uploads\/2016\/08\/koncert-4-despotovac-g.j.-265x198.jpg 265w\" sizes=\"(max-width: 760px) 100vw, 760px\" \/><\/a>\n\t\t\t<\/div><\/figure>\n\t\t<\/div>\n<br \/>\n-Publika je bila divna, meni je bilo, nemerljivo mi je zadovolsjtvo da idem po Srbiji i sviram po manjim mestima. Pri\u017eeljkivao sam, dok sam bio u inostranstvu, da na ovaj na\u010din obilazim moju dr\u017eavu i sviram po manjim mestima. Publika isto reaguje i tamo i ovde, isti komentari i pitanja su u Japanu i Srbiji. Japanska poslovica glasi ,,Ko putuje, pobe\u0111uje\u201d. \u017delim svima da otupuju ako im se uka\u017ee prilika ili da se bore da otputuju, ne mislim zauvek, pri\u010dao je Mi\u0161ko Plavi posle koncerta i dodao je da velika privilegija svirati sa Vasilom i D\u017eonijem jer ,,onaj ko svira sa njima, publici se \u010dini da je mnogo bolji\u201d.<br \/>\n-Ovakva publika je ne\u0161to to izvo\u0111a\u010d mo\u017ee samo da po\u017eeli, jer toliko je razli\u010dita publika od grada do grada, pre svega mentalitet i senzibilitet. Mo\u017eda \u0107u ponovo do\u0107i sa svojim muzi\u010darima, da dovedemo d\u017eezere u Despotovac, kazala je Lena Kova\u010devi\u0107, koja nastavlja karijeru kao autor muzike u inostranstvu,a uskoro \u0107e objaviti prvi singl zapadno tr\u017ei\u0161te.<\/p>\n<p><em><strong>Pozitivni primeri-Razglednica iz Despotovca \u2013 Projekat se realizuje uz pomo\u0107 sredstava iz bud\u017eeta Op\u0161tine Despotovac<\/strong><\/em><\/p>\n","protected":false},"excerpt":{"rendered":"<p>DESPOTOVAC \u2013 U okviru 24. Dana srpskog druhovnog preobra\u017eenja u Despotovcu su kao trio nastupili Mi\u0161ko Plavi, Vasil Had\u017eimanov i Sr\u0111an Dukni\u0107-D\u017eoni, a gost bila &hellip; <\/p>\n","protected":false},"author":4,"featured_media":4392,"comment_status":"open","ping_status":"open","sticky":false,"template":"","format":"standard","meta":{"footnotes":""},"categories":[1518,1524,2,15,887,12],"tags":[1158,51,1163,1164],"_links":{"self":[{"href":"https:\/\/centralmedia.rs\/index.php\/wp-json\/wp\/v2\/posts\/4391"}],"collection":[{"href":"https:\/\/centralmedia.rs\/index.php\/wp-json\/wp\/v2\/posts"}],"about":[{"href":"https:\/\/centralmedia.rs\/index.php\/wp-json\/wp\/v2\/types\/post"}],"author":[{"embeddable":true,"href":"https:\/\/centralmedia.rs\/index.php\/wp-json\/wp\/v2\/users\/4"}],"replies":[{"embeddable":true,"href":"https:\/\/centralmedia.rs\/index.php\/wp-json\/wp\/v2\/comments?post=4391"}],"version-history":[{"count":0,"href":"https:\/\/centralmedia.rs\/index.php\/wp-json\/wp\/v2\/posts\/4391\/revisions"}],"wp:featuredmedia":[{"embeddable":true,"href":"https:\/\/centralmedia.rs\/index.php\/wp-json\/wp\/v2\/media\/4392"}],"wp:attachment":[{"href":"https:\/\/centralmedia.rs\/index.php\/wp-json\/wp\/v2\/media?parent=4391"}],"wp:term":[{"taxonomy":"category","embeddable":true,"href":"https:\/\/centralmedia.rs\/index.php\/wp-json\/wp\/v2\/categories?post=4391"},{"taxonomy":"post_tag","embeddable":true,"href":"https:\/\/centralmedia.rs\/index.php\/wp-json\/wp\/v2\/tags?post=4391"}],"curies":[{"name":"wp","href":"https:\/\/api.w.org\/{rel}","templated":true}]}}