{"id":43929,"date":"2025-09-06T00:00:19","date_gmt":"2025-09-05T22:00:19","guid":{"rendered":"https:\/\/centralmedia.rs\/?p=43929"},"modified":"2025-09-10T00:03:38","modified_gmt":"2025-09-09T22:03:38","slug":"u-toku-zavrsni-radovi-na-putu-sedlare-lukovica","status":"publish","type":"post","link":"https:\/\/centralmedia.rs\/index.php\/2025\/09\/06\/u-toku-zavrsni-radovi-na-putu-sedlare-lukovica\/","title":{"rendered":"U TOKU ZAVR\u0160NI RADOVI NA PUTU SEDLARE-LUKOVICA"},"content":{"rendered":"\n<p>Radovi na rekonstrukciji puta Svilajnac-Sedlare du\u017eine vi\u0161e od 6 kilometara obi\u0161ao je predsednik op\u0161tine Svilajnac Predrag Milanovi\u0107, istakav\u0161i da sve treba da bude gotovo i pu\u0161teno za kompletan saobra\u0107aj narednih nekoliko dana:<\/p>\n\n\n\n<figure class=\"wp-block-gallery has-nested-images columns-default is-cropped wp-block-gallery-1 is-layout-flex wp-block-gallery-is-layout-flex\">\n<figure class=\"wp-block-image size-large\"><img loading=\"lazy\" decoding=\"async\" width=\"1024\" height=\"576\" data-id=\"43931\" src=\"https:\/\/centralmedia.rs\/wp-content\/uploads\/2025\/09\/asfalt-2-1024x576.png\" alt=\"\" class=\"wp-image-43931\" srcset=\"https:\/\/centralmedia.rs\/wp-content\/uploads\/2025\/09\/asfalt-2-1024x576.png 1024w, https:\/\/centralmedia.rs\/wp-content\/uploads\/2025\/09\/asfalt-2-300x169.png 300w, https:\/\/centralmedia.rs\/wp-content\/uploads\/2025\/09\/asfalt-2-768x432.png 768w, https:\/\/centralmedia.rs\/wp-content\/uploads\/2025\/09\/asfalt-2-1536x864.png 1536w, https:\/\/centralmedia.rs\/wp-content\/uploads\/2025\/09\/asfalt-2-820x460.png 820w, https:\/\/centralmedia.rs\/wp-content\/uploads\/2025\/09\/asfalt-2-1260x710.png 1260w, https:\/\/centralmedia.rs\/wp-content\/uploads\/2025\/09\/asfalt-2.png 1920w\" sizes=\"(max-width: 1024px) 100vw, 1024px\" \/><\/figure>\n\n\n\n<figure class=\"wp-block-image size-large\"><img loading=\"lazy\" decoding=\"async\" width=\"1024\" height=\"576\" data-id=\"43932\" src=\"https:\/\/centralmedia.rs\/wp-content\/uploads\/2025\/09\/asfalt-3-1024x576.png\" alt=\"\" class=\"wp-image-43932\" srcset=\"https:\/\/centralmedia.rs\/wp-content\/uploads\/2025\/09\/asfalt-3-1024x576.png 1024w, https:\/\/centralmedia.rs\/wp-content\/uploads\/2025\/09\/asfalt-3-300x169.png 300w, https:\/\/centralmedia.rs\/wp-content\/uploads\/2025\/09\/asfalt-3-768x432.png 768w, https:\/\/centralmedia.rs\/wp-content\/uploads\/2025\/09\/asfalt-3-1536x864.png 1536w, https:\/\/centralmedia.rs\/wp-content\/uploads\/2025\/09\/asfalt-3-820x460.png 820w, https:\/\/centralmedia.rs\/wp-content\/uploads\/2025\/09\/asfalt-3-1260x710.png 1260w, https:\/\/centralmedia.rs\/wp-content\/uploads\/2025\/09\/asfalt-3.png 1920w\" sizes=\"(max-width: 1024px) 100vw, 1024px\" \/><\/figure>\n\n\n\n<figure class=\"wp-block-image size-large\"><img loading=\"lazy\" decoding=\"async\" width=\"1024\" height=\"576\" data-id=\"43933\" src=\"https:\/\/centralmedia.rs\/wp-content\/uploads\/2025\/09\/asfalt-4-1024x576.png\" alt=\"\" class=\"wp-image-43933\" srcset=\"https:\/\/centralmedia.rs\/wp-content\/uploads\/2025\/09\/asfalt-4-1024x576.png 1024w, https:\/\/centralmedia.rs\/wp-content\/uploads\/2025\/09\/asfalt-4-300x169.png 300w, https:\/\/centralmedia.rs\/wp-content\/uploads\/2025\/09\/asfalt-4-768x432.png 768w, https:\/\/centralmedia.rs\/wp-content\/uploads\/2025\/09\/asfalt-4-1536x864.png 1536w, https:\/\/centralmedia.rs\/wp-content\/uploads\/2025\/09\/asfalt-4-820x460.png 820w, https:\/\/centralmedia.rs\/wp-content\/uploads\/2025\/09\/asfalt-4-1260x710.png 1260w, https:\/\/centralmedia.rs\/wp-content\/uploads\/2025\/09\/asfalt-4.png 1920w\" sizes=\"(max-width: 1024px) 100vw, 1024px\" \/><\/figure>\n<\/figure>\n\n\n\n<p>\u201eOvaj put ima zna\u010daj za na\u0161u op\u0161tinu jednak zna\u010daju regionalnih puteva. Tu je pro\u0161la i kanalizacija u du\u017eini od 70 kilometara, koja je zavr\u0161ena u rekordnom roku za 17 meseci.&nbsp; Tako\u0111e, putna mre\u017ea u \u010detiri sela gde je pro\u0161la kanalizacija kompletno je rekonstruisana, to se nije radilo u proteklih 80 godina \u201c \u2013 rekao je Milanovi\u0107 i najavio da se do narednog utorka zavr\u0161ava asfaltiranje na ovom putu, a da \u0107e nakon toga ostati jo\u0161 neki sitniji radovi poput postavljanja bankina.<\/p>\n","protected":false},"excerpt":{"rendered":"<p>Radovi na rekonstrukciji puta Svilajnac-Sedlare du\u017eine vi\u0161e od 6 kilometara obi\u0161ao je predsednik op\u0161tine Svilajnac Predrag Milanovi\u0107, istakav\u0161i da sve treba da bude gotovo i &hellip; <\/p>\n","protected":false},"author":2,"featured_media":43930,"comment_status":"closed","ping_status":"open","sticky":false,"template":"","format":"standard","meta":{"footnotes":""},"categories":[1524,16,12,1517],"tags":[3152,3151],"_links":{"self":[{"href":"https:\/\/centralmedia.rs\/index.php\/wp-json\/wp\/v2\/posts\/43929"}],"collection":[{"href":"https:\/\/centralmedia.rs\/index.php\/wp-json\/wp\/v2\/posts"}],"about":[{"href":"https:\/\/centralmedia.rs\/index.php\/wp-json\/wp\/v2\/types\/post"}],"author":[{"embeddable":true,"href":"https:\/\/centralmedia.rs\/index.php\/wp-json\/wp\/v2\/users\/2"}],"replies":[{"embeddable":true,"href":"https:\/\/centralmedia.rs\/index.php\/wp-json\/wp\/v2\/comments?post=43929"}],"version-history":[{"count":2,"href":"https:\/\/centralmedia.rs\/index.php\/wp-json\/wp\/v2\/posts\/43929\/revisions"}],"predecessor-version":[{"id":43935,"href":"https:\/\/centralmedia.rs\/index.php\/wp-json\/wp\/v2\/posts\/43929\/revisions\/43935"}],"wp:featuredmedia":[{"embeddable":true,"href":"https:\/\/centralmedia.rs\/index.php\/wp-json\/wp\/v2\/media\/43930"}],"wp:attachment":[{"href":"https:\/\/centralmedia.rs\/index.php\/wp-json\/wp\/v2\/media?parent=43929"}],"wp:term":[{"taxonomy":"category","embeddable":true,"href":"https:\/\/centralmedia.rs\/index.php\/wp-json\/wp\/v2\/categories?post=43929"},{"taxonomy":"post_tag","embeddable":true,"href":"https:\/\/centralmedia.rs\/index.php\/wp-json\/wp\/v2\/tags?post=43929"}],"curies":[{"name":"wp","href":"https:\/\/api.w.org\/{rel}","templated":true}]}}