{"id":43970,"date":"2025-09-12T13:37:22","date_gmt":"2025-09-12T11:37:22","guid":{"rendered":"https:\/\/centralmedia.rs\/?p=43970"},"modified":"2025-09-12T13:37:22","modified_gmt":"2025-09-12T11:37:22","slug":"u-ponedeljak-potpisivanje-protokola-o-saradnji-ministarstva-za-ljudska-i-manjinska-prava-i-drustveni-dijalog-i-narodne-biblioteke","status":"publish","type":"post","link":"https:\/\/centralmedia.rs\/index.php\/2025\/09\/12\/u-ponedeljak-potpisivanje-protokola-o-saradnji-ministarstva-za-ljudska-i-manjinska-prava-i-drustveni-dijalog-i-narodne-biblioteke\/","title":{"rendered":"U PONEDELJAK POTPISIVANJE PROTOKOLA O SARADNJI MINISTARSTVA ZA LJUDSKA I MANJINSKA PRAVA I DRU\u0160TVENI DIJALOG I NARODNE BIBLIOTEKE"},"content":{"rendered":"\n<p>U ponedeljak u prostorijama Narodne <a><\/a>biblioteke u Jagodini bi\u0107e potpisan Protokol o saradnji Ministarstva za ljudska i manjinska prava i dru\u0161tveni dijalog i Narodne biblioteke.&nbsp;<\/p>\n\n\n\n<p>Protokol \u0107e u ime ministarstva potpisati ministar Demo Beri\u0161a, a u ime Narodne biblioteke u Jagodini direktor Milo\u0161 Stojkovi\u0107.&nbsp;<\/p>\n\n\n\n<p>Protokolom \u0107e biti definisani prostor, ciljevi i modaliteti saradnje ministarstva i na\u0161e ustanove u narednom periodu, a na sastanku \u0107e biti iskori\u0161\u0107ena prilika da ministra Beri\u0161u i njegove saradnike upoznamo sa istorijatom, zna\u010dajem i aktivnostima Narodne biblioteke u Jagodini.<\/p>\n","protected":false},"excerpt":{"rendered":"<p>U ponedeljak u prostorijama Narodne biblioteke u Jagodini bi\u0107e potpisan Protokol o saradnji Ministarstva za ljudska i manjinska prava i dru\u0161tveni dijalog i Narodne biblioteke.&nbsp; &hellip; <\/p>\n","protected":false},"author":2,"featured_media":43971,"comment_status":"closed","ping_status":"open","sticky":false,"template":"","format":"standard","meta":{"footnotes":""},"categories":[14,1524,2,1514,12],"tags":[879],"_links":{"self":[{"href":"https:\/\/centralmedia.rs\/index.php\/wp-json\/wp\/v2\/posts\/43970"}],"collection":[{"href":"https:\/\/centralmedia.rs\/index.php\/wp-json\/wp\/v2\/posts"}],"about":[{"href":"https:\/\/centralmedia.rs\/index.php\/wp-json\/wp\/v2\/types\/post"}],"author":[{"embeddable":true,"href":"https:\/\/centralmedia.rs\/index.php\/wp-json\/wp\/v2\/users\/2"}],"replies":[{"embeddable":true,"href":"https:\/\/centralmedia.rs\/index.php\/wp-json\/wp\/v2\/comments?post=43970"}],"version-history":[{"count":1,"href":"https:\/\/centralmedia.rs\/index.php\/wp-json\/wp\/v2\/posts\/43970\/revisions"}],"predecessor-version":[{"id":43972,"href":"https:\/\/centralmedia.rs\/index.php\/wp-json\/wp\/v2\/posts\/43970\/revisions\/43972"}],"wp:featuredmedia":[{"embeddable":true,"href":"https:\/\/centralmedia.rs\/index.php\/wp-json\/wp\/v2\/media\/43971"}],"wp:attachment":[{"href":"https:\/\/centralmedia.rs\/index.php\/wp-json\/wp\/v2\/media?parent=43970"}],"wp:term":[{"taxonomy":"category","embeddable":true,"href":"https:\/\/centralmedia.rs\/index.php\/wp-json\/wp\/v2\/categories?post=43970"},{"taxonomy":"post_tag","embeddable":true,"href":"https:\/\/centralmedia.rs\/index.php\/wp-json\/wp\/v2\/tags?post=43970"}],"curies":[{"name":"wp","href":"https:\/\/api.w.org\/{rel}","templated":true}]}}