{"id":44033,"date":"2025-09-16T22:36:09","date_gmt":"2025-09-16T20:36:09","guid":{"rendered":"https:\/\/centralmedia.rs\/?p=44033"},"modified":"2025-09-16T22:36:09","modified_gmt":"2025-09-16T20:36:09","slug":"predlozena-izmena-kzs-zatvor-do-godinu-dana-za-svakog-ko-blokira-saobracajnice","status":"publish","type":"post","link":"https:\/\/centralmedia.rs\/index.php\/2025\/09\/16\/predlozena-izmena-kzs-zatvor-do-godinu-dana-za-svakog-ko-blokira-saobracajnice\/","title":{"rendered":"Predlo\u017eena izmena KZS: Zatvor do godinu dana za svakog ko blokira saobra\u0107ajnice"},"content":{"rendered":"\n<p>Predlo\u017eenim izmenama bri\u0161e se uslov i uvodi kazna zatvora do godinu dana za svakoga ko postavlja prepreke na saobra\u0107ajnicama i zaustavlja prevozna sredstva u saobra\u0107aju protivno propisima.To zna\u010di da bi svaka protestna blokada mo\u017ee da se tretira kao krivi\u010dno delo .Nacrtom izmena Krivi\u010dnog zakonika, o kojem javna rasprava traje do 1. oktobra, planirane su izmene I kod drugih drivi\u010dnih dela.U Nacrtu izmena i dopuna Krivi\u010dnog zakonika predlo\u017eeno je propisivanje novog krivi\u010dnog dela &#8220;Obljuba bez pristanka&#8221; u \u010dlanu 178a.Zapre\u0107ena kazna od 3 do 12 godina zatvora, te\u017ei slu\u010daj od 5 do 15 godina i najte\u017ei najmanje 8 godina ili do\u017eivotnim zatvorom.U Nacrtu zakona tako\u0111e je predlo\u017eeno zna\u010dajno poo\u0161travanje kazni za krivi\u010dna dela &#8220;Silovanje&#8221;, &#8220;Obljuba nad nemo\u0107nim licem&#8221; i &#8220;Obljuba nad detetom&#8221;, a pored toga u najte\u017eim slu\u010dajevima za ova dela \u0107e biti mogu\u0107e i da se u\u010diniocu izrekne i kazna do\u017eivotnog zatvora.Poo\u0161trena je kaznena politika i za druga krivi\u010dna dela protiv polnih sloboda kao i za nasilje u porodici.U Nacrtu izmena i dopuna Krivi\u010dnog zakonika predlo\u017eeno je uvo\u0111enje krivi\u010dnog dela kolokvijalno nazvanog &#8220;osvetni\u010dka pornografija&#8221;.Krivi\u010dno gonjenje \u0107e preduzimati javno tu\u017eila\u0161tvo po slu\u017ebenoj du\u017enosti.Kazna zatvorom od tri meseca do tri godine.Ukoliko je ovo delo u\u010dinjeno prema detetu preti kazna zatvora od jedne do osam godina, dok \u0107e, ukoliko to u\u010dini slu\u017ebeno lice u vr\u0161enju slu\u017ebene du\u017enosti prema detetu, biti ka\u017enjeg kaznom zatvora od dve do 10 godina.<\/p>\n","protected":false},"excerpt":{"rendered":"<p>Predlo\u017eenim izmenama bri\u0161e se uslov i uvodi kazna zatvora do godinu dana za svakoga ko postavlja prepreke na saobra\u0107ajnicama i zaustavlja prevozna sredstva u saobra\u0107aju &hellip; <\/p>\n","protected":false},"author":2,"featured_media":22205,"comment_status":"closed","ping_status":"open","sticky":false,"template":"","format":"standard","meta":{"footnotes":""},"categories":[20,12],"tags":[7117],"_links":{"self":[{"href":"https:\/\/centralmedia.rs\/index.php\/wp-json\/wp\/v2\/posts\/44033"}],"collection":[{"href":"https:\/\/centralmedia.rs\/index.php\/wp-json\/wp\/v2\/posts"}],"about":[{"href":"https:\/\/centralmedia.rs\/index.php\/wp-json\/wp\/v2\/types\/post"}],"author":[{"embeddable":true,"href":"https:\/\/centralmedia.rs\/index.php\/wp-json\/wp\/v2\/users\/2"}],"replies":[{"embeddable":true,"href":"https:\/\/centralmedia.rs\/index.php\/wp-json\/wp\/v2\/comments?post=44033"}],"version-history":[{"count":1,"href":"https:\/\/centralmedia.rs\/index.php\/wp-json\/wp\/v2\/posts\/44033\/revisions"}],"predecessor-version":[{"id":44034,"href":"https:\/\/centralmedia.rs\/index.php\/wp-json\/wp\/v2\/posts\/44033\/revisions\/44034"}],"wp:featuredmedia":[{"embeddable":true,"href":"https:\/\/centralmedia.rs\/index.php\/wp-json\/wp\/v2\/media\/22205"}],"wp:attachment":[{"href":"https:\/\/centralmedia.rs\/index.php\/wp-json\/wp\/v2\/media?parent=44033"}],"wp:term":[{"taxonomy":"category","embeddable":true,"href":"https:\/\/centralmedia.rs\/index.php\/wp-json\/wp\/v2\/categories?post=44033"},{"taxonomy":"post_tag","embeddable":true,"href":"https:\/\/centralmedia.rs\/index.php\/wp-json\/wp\/v2\/tags?post=44033"}],"curies":[{"name":"wp","href":"https:\/\/api.w.org\/{rel}","templated":true}]}}