{"id":44036,"date":"2025-09-22T22:13:57","date_gmt":"2025-09-22T20:13:57","guid":{"rendered":"https:\/\/centralmedia.rs\/?p=44036"},"modified":"2025-09-23T22:14:06","modified_gmt":"2025-09-23T20:14:06","slug":"predlozeno-da-se-deci-mladoj-od-15-godina-ne-dozvoli-da-koriste-drustvene-mreze","status":"publish","type":"post","link":"https:\/\/centralmedia.rs\/index.php\/2025\/09\/22\/predlozeno-da-se-deci-mladoj-od-15-godina-ne-dozvoli-da-koriste-drustvene-mreze\/","title":{"rendered":"PREDLO\u017dENO DA SE DECI MLA\u0110OJ OD 15 GODINA NE DOZVOLI DA KORISTE DRU\u0160TVENE MRE\u017dE"},"content":{"rendered":"\n<p><a><\/a>Fondacija \u201cUzmi knjigu\u201d, \u010dija je glavna misija da, \u0161to je mogu\u0107e vi\u0161e u modernom dobu, usmeri decu i omladinu sa ekrana na papir, sa dru\u0161tvenih mre\u017ea na knjige, odnosno da smanji uticaj dru\u0161tvenih mre\u017ea na decu i omladinu, predla\u017ee nadle\u017enim organima da usvoji preporuku, koja je pre svega namenjena roditeljima, da upotreba dru\u0161tvenih mre\u017ea deci mla\u0111oj od 15 godina ne bude dozvoljena. Upravitelj ove fondacije novinar Stevo Grkini\u0107 ka\u017ee da ova prepruka ne bi imala za po\u010detak obavezuju\u0107i, jer je to gotovo nemogu\u0107e u vremenu u kom \u017eivimo, ali da mo\u017ee da ima savetodavni karakter za roditelje. \u201cPoznato je da intenzivno kori\u0161\u0107enje ekrana i dru\u0161tvenih mre\u017ea mo\u017ee biti \u0161tetno po mentalno zdravlje i razvoj dece. Nekoliko zemalja Evropske unije, me\u0111u kojima su Francuska, \u0160panija i Gr\u010dka, pozvalo je Brisel da dodatno reguli\u0161e kori\u0161\u0107enje onlajn platformi za decu, usred zabrinutosti zbog njihove zavisnosti, kao i opasnosti od sajber maltretiranja i \u0161irenja govora mr\u017enje. Holandska vlada savetovala je roditelje da zabrane deci mla\u0111oj od 15 godina kori\u0161\u0107enje dru\u0161tvenih mre\u017ea. Australija i Novi Zeland zala\u017eu se za zabranu dru\u0161tvenih mre\u017ea za decu mla\u0111u od 16 godina, kao i \u0160panija\u201d, izjavio je Grkini\u0107. On isti\u010de da ova preporuka, koja je savetodavne i nije pravno obavezuju\u0107a, odnosila bi se na aplikacije kao \u0161to su &#8220;TikTok&#8221;, &#8220;Snep\u010det&#8221;, &#8220;Jutjub&#8221;, &#8220;Instagram&#8221; i &#8220;Fejsbuk&#8221;.<\/p>\n\n\n\n<p>SPROVEDENA ANKETA : OD 205 RODITELJA 197 ZA OVAKVU PREPORUKU<\/p>\n\n\n\n<p>\u201cSvedoci smo poslednjih godina tragi\u010dnih doga\u0111aja u Evropi \u010diji su vinovnici deca, maloletnici, a \u010dija stra\u0161na dela su direktno inspirisana sadr\u017eajima sa dru\u0161tvenih mre\u017ea. Fondacija \u201cUzmi knjigu\u201d je sprovela anketu u direktnom kontaktu, odnosno po sistemu \u201cface to face\u201d i rezultat je da od 205 roditelja, 197 podr\u017eava ovakvu preporuku. Anketa je sprovedena na teritoriji Beograda i Pomoravskog okruga\u201d, isti\u010de upravitelj Fondacije \u201cUzmi knjigu\u201d.<\/p>\n","protected":false},"excerpt":{"rendered":"<p>Fondacija \u201cUzmi knjigu\u201d, \u010dija je glavna misija da, \u0161to je mogu\u0107e vi\u0161e u modernom dobu, usmeri decu i omladinu sa ekrana na papir, sa dru\u0161tvenih &hellip; <\/p>\n","protected":false},"author":2,"featured_media":40477,"comment_status":"closed","ping_status":"open","sticky":false,"template":"","format":"standard","meta":{"footnotes":""},"categories":[14,1524,1514,12],"tags":[6420],"_links":{"self":[{"href":"https:\/\/centralmedia.rs\/index.php\/wp-json\/wp\/v2\/posts\/44036"}],"collection":[{"href":"https:\/\/centralmedia.rs\/index.php\/wp-json\/wp\/v2\/posts"}],"about":[{"href":"https:\/\/centralmedia.rs\/index.php\/wp-json\/wp\/v2\/types\/post"}],"author":[{"embeddable":true,"href":"https:\/\/centralmedia.rs\/index.php\/wp-json\/wp\/v2\/users\/2"}],"replies":[{"embeddable":true,"href":"https:\/\/centralmedia.rs\/index.php\/wp-json\/wp\/v2\/comments?post=44036"}],"version-history":[{"count":1,"href":"https:\/\/centralmedia.rs\/index.php\/wp-json\/wp\/v2\/posts\/44036\/revisions"}],"predecessor-version":[{"id":44037,"href":"https:\/\/centralmedia.rs\/index.php\/wp-json\/wp\/v2\/posts\/44036\/revisions\/44037"}],"wp:featuredmedia":[{"embeddable":true,"href":"https:\/\/centralmedia.rs\/index.php\/wp-json\/wp\/v2\/media\/40477"}],"wp:attachment":[{"href":"https:\/\/centralmedia.rs\/index.php\/wp-json\/wp\/v2\/media?parent=44036"}],"wp:term":[{"taxonomy":"category","embeddable":true,"href":"https:\/\/centralmedia.rs\/index.php\/wp-json\/wp\/v2\/categories?post=44036"},{"taxonomy":"post_tag","embeddable":true,"href":"https:\/\/centralmedia.rs\/index.php\/wp-json\/wp\/v2\/tags?post=44036"}],"curies":[{"name":"wp","href":"https:\/\/api.w.org\/{rel}","templated":true}]}}