{"id":44052,"date":"2025-09-24T19:27:32","date_gmt":"2025-09-24T17:27:32","guid":{"rendered":"https:\/\/centralmedia.rs\/?p=44052"},"modified":"2025-09-25T15:29:31","modified_gmt":"2025-09-25T13:29:31","slug":"sesto-decije-igraliste-u-svilajncu","status":"publish","type":"post","link":"https:\/\/centralmedia.rs\/index.php\/2025\/09\/24\/sesto-decije-igraliste-u-svilajncu\/","title":{"rendered":"\u0160ESTO DE\u010cIJE IGRALI\u0160TE U SVILAJNCU"},"content":{"rendered":"\n<p>Svilajnac je izgradio \u0161est de\u010dijih igrali\u0161ta, jedno u gradu i pet u selima, time je realizovan projekat da sva deca sa teritorije op\u0161tine imaju iste uslove kao ona u centru grada. U gradu je izgra\u0111en i sportski teren, a u selima su ure\u0111eni i centralni trgovi.<\/p>\n\n\n\n<figure class=\"wp-block-gallery has-nested-images columns-default is-cropped wp-block-gallery-1 is-layout-flex wp-block-gallery-is-layout-flex\">\n<figure class=\"wp-block-image size-large\"><img loading=\"lazy\" decoding=\"async\" width=\"1024\" height=\"576\" data-id=\"44054\" src=\"https:\/\/centralmedia.rs\/wp-content\/uploads\/2025\/09\/vracar-1024x576.jpg\" alt=\"\" class=\"wp-image-44054\" srcset=\"https:\/\/centralmedia.rs\/wp-content\/uploads\/2025\/09\/vracar-1024x576.jpg 1024w, https:\/\/centralmedia.rs\/wp-content\/uploads\/2025\/09\/vracar-300x169.jpg 300w, https:\/\/centralmedia.rs\/wp-content\/uploads\/2025\/09\/vracar-768x432.jpg 768w, https:\/\/centralmedia.rs\/wp-content\/uploads\/2025\/09\/vracar-820x460.jpg 820w, https:\/\/centralmedia.rs\/wp-content\/uploads\/2025\/09\/vracar-1260x710.jpg 1260w, https:\/\/centralmedia.rs\/wp-content\/uploads\/2025\/09\/vracar.jpg 1439w\" sizes=\"(max-width: 1024px) 100vw, 1024px\" \/><\/figure>\n\n\n\n<figure class=\"wp-block-image size-large\"><img loading=\"lazy\" decoding=\"async\" width=\"1024\" height=\"576\" data-id=\"44056\" src=\"https:\/\/centralmedia.rs\/wp-content\/uploads\/2025\/09\/vracar1-1024x576.jpg\" alt=\"\" class=\"wp-image-44056\" srcset=\"https:\/\/centralmedia.rs\/wp-content\/uploads\/2025\/09\/vracar1-1024x576.jpg 1024w, https:\/\/centralmedia.rs\/wp-content\/uploads\/2025\/09\/vracar1-300x169.jpg 300w, https:\/\/centralmedia.rs\/wp-content\/uploads\/2025\/09\/vracar1-768x432.jpg 768w, https:\/\/centralmedia.rs\/wp-content\/uploads\/2025\/09\/vracar1-820x460.jpg 820w, https:\/\/centralmedia.rs\/wp-content\/uploads\/2025\/09\/vracar1-1260x710.jpg 1260w, https:\/\/centralmedia.rs\/wp-content\/uploads\/2025\/09\/vracar1.jpg 1439w\" sizes=\"(max-width: 1024px) 100vw, 1024px\" \/><\/figure>\n\n\n\n<figure class=\"wp-block-image size-large\"><img loading=\"lazy\" decoding=\"async\" width=\"1024\" height=\"576\" data-id=\"44058\" src=\"https:\/\/centralmedia.rs\/wp-content\/uploads\/2025\/09\/vracar2-1024x576.jpg\" alt=\"\" class=\"wp-image-44058\" srcset=\"https:\/\/centralmedia.rs\/wp-content\/uploads\/2025\/09\/vracar2-1024x576.jpg 1024w, https:\/\/centralmedia.rs\/wp-content\/uploads\/2025\/09\/vracar2-300x169.jpg 300w, https:\/\/centralmedia.rs\/wp-content\/uploads\/2025\/09\/vracar2-768x432.jpg 768w, https:\/\/centralmedia.rs\/wp-content\/uploads\/2025\/09\/vracar2-820x460.jpg 820w, https:\/\/centralmedia.rs\/wp-content\/uploads\/2025\/09\/vracar2-1260x710.jpg 1260w, https:\/\/centralmedia.rs\/wp-content\/uploads\/2025\/09\/vracar2.jpg 1439w\" sizes=\"(max-width: 1024px) 100vw, 1024px\" \/><\/figure>\n\n\n\n<figure class=\"wp-block-image size-large\"><img loading=\"lazy\" decoding=\"async\" width=\"1024\" height=\"576\" data-id=\"44055\" src=\"https:\/\/centralmedia.rs\/wp-content\/uploads\/2025\/09\/vracar3-1024x576.jpg\" alt=\"\" class=\"wp-image-44055\" srcset=\"https:\/\/centralmedia.rs\/wp-content\/uploads\/2025\/09\/vracar3-1024x576.jpg 1024w, https:\/\/centralmedia.rs\/wp-content\/uploads\/2025\/09\/vracar3-300x169.jpg 300w, https:\/\/centralmedia.rs\/wp-content\/uploads\/2025\/09\/vracar3-768x432.jpg 768w, https:\/\/centralmedia.rs\/wp-content\/uploads\/2025\/09\/vracar3-820x460.jpg 820w, https:\/\/centralmedia.rs\/wp-content\/uploads\/2025\/09\/vracar3-1260x710.jpg 1260w, https:\/\/centralmedia.rs\/wp-content\/uploads\/2025\/09\/vracar3.jpg 1439w\" sizes=\"(max-width: 1024px) 100vw, 1024px\" \/><\/figure>\n\n\n\n<figure class=\"wp-block-image size-large\"><img loading=\"lazy\" decoding=\"async\" width=\"1024\" height=\"576\" data-id=\"44057\" src=\"https:\/\/centralmedia.rs\/wp-content\/uploads\/2025\/09\/vracar4-1024x576.jpg\" alt=\"\" class=\"wp-image-44057\" srcset=\"https:\/\/centralmedia.rs\/wp-content\/uploads\/2025\/09\/vracar4-1024x576.jpg 1024w, https:\/\/centralmedia.rs\/wp-content\/uploads\/2025\/09\/vracar4-300x169.jpg 300w, https:\/\/centralmedia.rs\/wp-content\/uploads\/2025\/09\/vracar4-768x432.jpg 768w, https:\/\/centralmedia.rs\/wp-content\/uploads\/2025\/09\/vracar4-820x460.jpg 820w, https:\/\/centralmedia.rs\/wp-content\/uploads\/2025\/09\/vracar4-1260x710.jpg 1260w, https:\/\/centralmedia.rs\/wp-content\/uploads\/2025\/09\/vracar4.jpg 1439w\" sizes=\"(max-width: 1024px) 100vw, 1024px\" \/><\/figure>\n\n\n\n<figure class=\"wp-block-image size-large\"><img loading=\"lazy\" decoding=\"async\" width=\"1024\" height=\"576\" data-id=\"44059\" src=\"https:\/\/centralmedia.rs\/wp-content\/uploads\/2025\/09\/vracar5-1024x576.jpg\" alt=\"\" class=\"wp-image-44059\" srcset=\"https:\/\/centralmedia.rs\/wp-content\/uploads\/2025\/09\/vracar5-1024x576.jpg 1024w, https:\/\/centralmedia.rs\/wp-content\/uploads\/2025\/09\/vracar5-300x169.jpg 300w, https:\/\/centralmedia.rs\/wp-content\/uploads\/2025\/09\/vracar5-768x432.jpg 768w, https:\/\/centralmedia.rs\/wp-content\/uploads\/2025\/09\/vracar5-820x460.jpg 820w, https:\/\/centralmedia.rs\/wp-content\/uploads\/2025\/09\/vracar5-1260x710.jpg 1260w, https:\/\/centralmedia.rs\/wp-content\/uploads\/2025\/09\/vracar5.jpg 1439w\" sizes=\"(max-width: 1024px) 100vw, 1024px\" \/><\/figure>\n\n\n\n<figure class=\"wp-block-image size-large\"><img loading=\"lazy\" decoding=\"async\" width=\"1024\" height=\"576\" data-id=\"44060\" src=\"https:\/\/centralmedia.rs\/wp-content\/uploads\/2025\/09\/vracar6-1024x576.jpg\" alt=\"\" class=\"wp-image-44060\" srcset=\"https:\/\/centralmedia.rs\/wp-content\/uploads\/2025\/09\/vracar6-1024x576.jpg 1024w, https:\/\/centralmedia.rs\/wp-content\/uploads\/2025\/09\/vracar6-300x169.jpg 300w, https:\/\/centralmedia.rs\/wp-content\/uploads\/2025\/09\/vracar6-768x432.jpg 768w, https:\/\/centralmedia.rs\/wp-content\/uploads\/2025\/09\/vracar6-820x460.jpg 820w, https:\/\/centralmedia.rs\/wp-content\/uploads\/2025\/09\/vracar6-1260x710.jpg 1260w, https:\/\/centralmedia.rs\/wp-content\/uploads\/2025\/09\/vracar6.jpg 1439w\" sizes=\"(max-width: 1024px) 100vw, 1024px\" \/><\/figure>\n\n\n\n<figure class=\"wp-block-image size-large\"><img loading=\"lazy\" decoding=\"async\" width=\"1024\" height=\"576\" data-id=\"44061\" src=\"https:\/\/centralmedia.rs\/wp-content\/uploads\/2025\/09\/vracar7-1024x576.png\" alt=\"\" class=\"wp-image-44061\" srcset=\"https:\/\/centralmedia.rs\/wp-content\/uploads\/2025\/09\/vracar7-1024x576.png 1024w, https:\/\/centralmedia.rs\/wp-content\/uploads\/2025\/09\/vracar7-300x169.png 300w, https:\/\/centralmedia.rs\/wp-content\/uploads\/2025\/09\/vracar7-768x432.png 768w, https:\/\/centralmedia.rs\/wp-content\/uploads\/2025\/09\/vracar7-1536x864.png 1536w, https:\/\/centralmedia.rs\/wp-content\/uploads\/2025\/09\/vracar7-820x460.png 820w, https:\/\/centralmedia.rs\/wp-content\/uploads\/2025\/09\/vracar7-1260x710.png 1260w, https:\/\/centralmedia.rs\/wp-content\/uploads\/2025\/09\/vracar7.png 1920w\" sizes=\"(max-width: 1024px) 100vw, 1024px\" \/><\/figure>\n<\/figure>\n\n\n\n<p> U gradskoj MZ Vra\u010dar na zemlji\u0161tu o\u010di\u0161\u0107enom od sme\u0107a, gde je bila divlja deponija visine 4 metra ili oko 500 kamiona otpada, sada su de\u010dije igrali\u0161te i sportski teren, stambeni objekti. Plan je da u blizini bude izgra\u0111eno nekoliko stambenih zgrada u saradnji sa EU za samohrane roditelje po subvencionisanim cenama. <\/p>\n","protected":false},"excerpt":{"rendered":"<p>Svilajnac je izgradio \u0161est de\u010dijih igrali\u0161ta, jedno u gradu i pet u selima, time je realizovan projekat da sva deca sa teritorije op\u0161tine imaju iste &hellip; <\/p>\n","protected":false},"author":2,"featured_media":44053,"comment_status":"closed","ping_status":"open","sticky":false,"template":"","format":"standard","meta":{"footnotes":""},"categories":[14,1524,12,1517],"tags":[38],"_links":{"self":[{"href":"https:\/\/centralmedia.rs\/index.php\/wp-json\/wp\/v2\/posts\/44052"}],"collection":[{"href":"https:\/\/centralmedia.rs\/index.php\/wp-json\/wp\/v2\/posts"}],"about":[{"href":"https:\/\/centralmedia.rs\/index.php\/wp-json\/wp\/v2\/types\/post"}],"author":[{"embeddable":true,"href":"https:\/\/centralmedia.rs\/index.php\/wp-json\/wp\/v2\/users\/2"}],"replies":[{"embeddable":true,"href":"https:\/\/centralmedia.rs\/index.php\/wp-json\/wp\/v2\/comments?post=44052"}],"version-history":[{"count":1,"href":"https:\/\/centralmedia.rs\/index.php\/wp-json\/wp\/v2\/posts\/44052\/revisions"}],"predecessor-version":[{"id":44062,"href":"https:\/\/centralmedia.rs\/index.php\/wp-json\/wp\/v2\/posts\/44052\/revisions\/44062"}],"wp:featuredmedia":[{"embeddable":true,"href":"https:\/\/centralmedia.rs\/index.php\/wp-json\/wp\/v2\/media\/44053"}],"wp:attachment":[{"href":"https:\/\/centralmedia.rs\/index.php\/wp-json\/wp\/v2\/media?parent=44052"}],"wp:term":[{"taxonomy":"category","embeddable":true,"href":"https:\/\/centralmedia.rs\/index.php\/wp-json\/wp\/v2\/categories?post=44052"},{"taxonomy":"post_tag","embeddable":true,"href":"https:\/\/centralmedia.rs\/index.php\/wp-json\/wp\/v2\/tags?post=44052"}],"curies":[{"name":"wp","href":"https:\/\/api.w.org\/{rel}","templated":true}]}}