{"id":44072,"date":"2025-09-27T18:28:58","date_gmt":"2025-09-27T16:28:58","guid":{"rendered":"https:\/\/centralmedia.rs\/?p=44072"},"modified":"2025-09-27T18:28:58","modified_gmt":"2025-09-27T16:28:58","slug":"pocinje-izgradnja-postrojenja-za-presiscavanje-vode-u-svilajncu","status":"publish","type":"post","link":"https:\/\/centralmedia.rs\/index.php\/2025\/09\/27\/pocinje-izgradnja-postrojenja-za-presiscavanje-vode-u-svilajncu\/","title":{"rendered":"PO\u010cINJE IZGRADNJA POSTROJENJA ZA PRE\u0160I\u0160\u0106AVANJE VODE U SVILAJNCU"},"content":{"rendered":"\n<p>Mesarovi\u0107eva: Pobolj\u0161a\u0107e se kvalitet i kapacitet vode, \u0161to je zna\u010dajno za gra\u0111ane, kao i postoje\u0107e i budu\u0107e privredne subjekte<\/p>\n\n\n\n<p>Mesarovi\u0107eva je prilikom potpisivanja ugovora istakla da je u pitanju projekat vredan 266 miliona dinara, od kojih 210 miliona finansira Ministarstvo privrede, dok je ostatak obezbedila op\u0161tina Svilajnac.<\/p>\n\n\n\n<p>-\u010cestitam svim stanovnicima Svilajnca i predsedniku Op\u0161tine, jer je izgradnja postrojenja za pre\u010di\u0161\u0107avanje vode strate\u0161ki va\u017ean projekat za ovu op\u0161tinu. Jedan od primarnih ciljeva Ministarstva privrede jeste ulaganje u izgradnju nedostaju\u0107e infrastrukture u industrijskim zonama kako bi stvorili korisne povr\u0161ine i privla\u010dili investitore i otvarali nova radna mesta.<\/p>\n\n\n\n<p>Danas smo sve\u010dano potpisali ugovor za projekat izgradnje postrojenja za pre\u010di\u0161\u0107avanje vode koji sufinansira Ministarstvo privrede.<\/p>\n\n\n\n<p>O\u010dekujem skori po\u010detak radova koje \u0107u li\u010dno obi\u0107i kako bismo ispratili radove na ovom projektu kojim \u0107e biti obezbe\u0111eno kvalitetnije i stabilnije vodosnabdevanje kako na\u0161ih gra\u0111ana, tako i privrede, i otvorene ve\u0107e mogu\u0107nosti za dolazak novih investitora.<\/p>\n\n\n\n<p>Nastavljamo da unapre\u0111ujemo infrastrukturu i podi\u017eemo kvalitet \u017eivota na\u0161ih gra\u0111ana zahvaljuju\u0107i kontinuiranoj i stabilnoj politici predsednika Aleksandra Vu\u010di\u0107a, Vlade Srbije i predsednika SNS Milo\u0161a Vu\u010devi\u0107a, kazala je ministarka.<\/p>\n","protected":false},"excerpt":{"rendered":"<p>Mesarovi\u0107eva: Pobolj\u0161a\u0107e se kvalitet i kapacitet vode, \u0161to je zna\u010dajno za gra\u0111ane, kao i postoje\u0107e i budu\u0107e privredne subjekte Mesarovi\u0107eva je prilikom potpisivanja ugovora istakla &hellip; <\/p>\n","protected":false},"author":2,"featured_media":44073,"comment_status":"closed","ping_status":"open","sticky":false,"template":"","format":"standard","meta":{"footnotes":""},"categories":[1524,13,12,1517],"tags":[38],"_links":{"self":[{"href":"https:\/\/centralmedia.rs\/index.php\/wp-json\/wp\/v2\/posts\/44072"}],"collection":[{"href":"https:\/\/centralmedia.rs\/index.php\/wp-json\/wp\/v2\/posts"}],"about":[{"href":"https:\/\/centralmedia.rs\/index.php\/wp-json\/wp\/v2\/types\/post"}],"author":[{"embeddable":true,"href":"https:\/\/centralmedia.rs\/index.php\/wp-json\/wp\/v2\/users\/2"}],"replies":[{"embeddable":true,"href":"https:\/\/centralmedia.rs\/index.php\/wp-json\/wp\/v2\/comments?post=44072"}],"version-history":[{"count":1,"href":"https:\/\/centralmedia.rs\/index.php\/wp-json\/wp\/v2\/posts\/44072\/revisions"}],"predecessor-version":[{"id":44074,"href":"https:\/\/centralmedia.rs\/index.php\/wp-json\/wp\/v2\/posts\/44072\/revisions\/44074"}],"wp:featuredmedia":[{"embeddable":true,"href":"https:\/\/centralmedia.rs\/index.php\/wp-json\/wp\/v2\/media\/44073"}],"wp:attachment":[{"href":"https:\/\/centralmedia.rs\/index.php\/wp-json\/wp\/v2\/media?parent=44072"}],"wp:term":[{"taxonomy":"category","embeddable":true,"href":"https:\/\/centralmedia.rs\/index.php\/wp-json\/wp\/v2\/categories?post=44072"},{"taxonomy":"post_tag","embeddable":true,"href":"https:\/\/centralmedia.rs\/index.php\/wp-json\/wp\/v2\/tags?post=44072"}],"curies":[{"name":"wp","href":"https:\/\/api.w.org\/{rel}","templated":true}]}}