{"id":4408,"date":"2016-08-23T17:14:40","date_gmt":"2016-08-23T17:14:40","guid":{"rendered":"http:\/\/centralmedia.rs\/?p=4408"},"modified":"2016-08-23T17:25:08","modified_gmt":"2016-08-23T17:25:08","slug":"jagodinski-fakultet-zavrsio-upis-u-prvom-roku","status":"publish","type":"post","link":"https:\/\/centralmedia.rs\/index.php\/2016\/08\/23\/jagodinski-fakultet-zavrsio-upis-u-prvom-roku\/","title":{"rendered":"JAGODINSKI FAKULTET ZAVR\u0160IO UPIS U PRVOM ROKU"},"content":{"rendered":"<p>JAGODINA-Fakultet pedago\u0161kih nauka u Jagodini je jedini od u\u010diteljskih fakulteta u Srbiji  u prvom roku zavr\u0161io upis studenata i popunio svih 210 predvi\u0111enih mesta, kazala je dekanka prof. dr Violeta Jovanovi\u0107. Za razliku od ostalih u\u010diteljskih \/ pedago\u0161kih fakulteta u Beogradu, U\u017eicu , Vranju, Somboru i Leposavi\u0107u, koji nisu popunili mesta u junu, posle prvog upisnog roka na jagodinskom fakultetu nema mesta ni na bud\u017eetu, ni na samofinansiranju.<br \/>\n\t-U rangu smo elitnih fakulteta u Srbiji, jer u proteklih 12 godina redovno imamo ve\u0107i broj kandidata od broja raspisanih mesta. Zahvaljuju\u0107i tome mo\u017eemo da vr\u0161imo selekciju najboljih. Prijemni ispit je pokazao da su najbolji prepoznali fakultet po kvalitetnom radu i isticali su da dolaze ovde jer znaju da ovde mogu da dobiju najbolje obrazovanje. Pored toga, studenti su partneri u na\u0161em zajedni\u010dkom radu i na\u0161a inspiracija. Oni prepoznaju da se mi radujemo saradnji sa njima. Ovo je fakultet koji se prepoznaje po tome \u0161to ne postoji klasi\u010dan tradicionalni akademski otklon, ne postoje dve strane, ve\u0107 smo svi na istoj strani i istom poslu. Drago nam je \u0161to studenti prepoznaju tu vrstu potpune uva\u017eenosti i ovaj fakultet preporu\u010duju svojim prijateljima, sestrama i bra\u0107i, obja\u0161njava dekanka.<figure id=\"attachment_4415\" aria-describedby=\"caption-attachment-4415\" style=\"width: 900px\" class=\"wp-caption alignnone\"><a href=\"https:\/\/centralmedia.rs\/wp-content\/uploads\/2016\/08\/zgrada-2-jagodina-g.j..jpg\"><img loading=\"lazy\" decoding=\"async\" src=\"https:\/\/centralmedia.rs\/wp-content\/uploads\/2016\/08\/zgrada-2-jagodina-g.j..jpg\" alt=\"Naslov iz Blica\" width=\"900\" height=\"892\" class=\"size-full wp-image-4415\" srcset=\"https:\/\/centralmedia.rs\/wp-content\/uploads\/2016\/08\/zgrada-2-jagodina-g.j..jpg 900w, https:\/\/centralmedia.rs\/wp-content\/uploads\/2016\/08\/zgrada-2-jagodina-g.j.-150x150.jpg 150w, https:\/\/centralmedia.rs\/wp-content\/uploads\/2016\/08\/zgrada-2-jagodina-g.j.-300x297.jpg 300w, https:\/\/centralmedia.rs\/wp-content\/uploads\/2016\/08\/zgrada-2-jagodina-g.j.-768x761.jpg 768w\" sizes=\"(max-width: 900px) 100vw, 900px\" \/><\/a><figcaption id=\"caption-attachment-4415\" class=\"wp-caption-text\">Naslov iz Blica<\/figcaption><\/figure><br \/>\nObjavljen je konkurs za master studije. Re\u010d je o \u0161est smerova u\u010ditelj, vaspita\u010d u pred\u0161kolskim ustanovama, vaspita\u010d u domovima, obrazovne politike, profesor predmetne nastave i, od ove godine,liderstvo u obrazovanju.<br \/>\n\t-Ove godine su studije na smeru Liderstvo u obrazovanju besplatne, jer je program nastao i realizuje se u okviru  me\u0111unarodnog projekta na kojem u\u010destvuju vode\u0107i evropski univerziteti. I ostali master programi nastali su u saradnji sa takvim institucijama kao \u0161to su univerziteti u Helsinkiju, Atini, Londonu, Kopenhagenu&#8230;, ponosno pri\u010da prof dr Violeta Jovanovi\u0107.  <div id='gallery-1' class='gallery galleryid-4408 gallery-columns-2 gallery-size-large'><figure class='gallery-item'>\n\t\t\t<div class='gallery-icon landscape'>\n\t\t\t\t<a href='https:\/\/centralmedia.rs\/index.php\/2016\/08\/23\/jagodinski-fakultet-zavrsio-upis-u-prvom-roku\/zgrada-1-jagodina-g-j-2\/'><img loading=\"lazy\" decoding=\"async\" width=\"760\" height=\"570\" src=\"https:\/\/centralmedia.rs\/wp-content\/uploads\/2016\/08\/zgrada-1-jagodina-g.j.-1.jpg\" class=\"attachment-large size-large\" alt=\"\" srcset=\"https:\/\/centralmedia.rs\/wp-content\/uploads\/2016\/08\/zgrada-1-jagodina-g.j.-1.jpg 900w, https:\/\/centralmedia.rs\/wp-content\/uploads\/2016\/08\/zgrada-1-jagodina-g.j.-1-300x225.jpg 300w, https:\/\/centralmedia.rs\/wp-content\/uploads\/2016\/08\/zgrada-1-jagodina-g.j.-1-768x576.jpg 768w, https:\/\/centralmedia.rs\/wp-content\/uploads\/2016\/08\/zgrada-1-jagodina-g.j.-1-80x60.jpg 80w, https:\/\/centralmedia.rs\/wp-content\/uploads\/2016\/08\/zgrada-1-jagodina-g.j.-1-265x198.jpg 265w\" sizes=\"(max-width: 760px) 100vw, 760px\" \/><\/a>\n\t\t\t<\/div><\/figure><figure class='gallery-item'>\n\t\t\t<div class='gallery-icon landscape'>\n\t\t\t\t<a href='https:\/\/centralmedia.rs\/index.php\/2016\/08\/23\/jagodinski-fakultet-zavrsio-upis-u-prvom-roku\/zgrada-jagodina-g-j-2\/'><img loading=\"lazy\" decoding=\"async\" width=\"760\" height=\"570\" src=\"https:\/\/centralmedia.rs\/wp-content\/uploads\/2016\/08\/zgrada-jagodina-g.j..jpg\" class=\"attachment-large size-large\" alt=\"\" srcset=\"https:\/\/centralmedia.rs\/wp-content\/uploads\/2016\/08\/zgrada-jagodina-g.j..jpg 900w, https:\/\/centralmedia.rs\/wp-content\/uploads\/2016\/08\/zgrada-jagodina-g.j.-300x225.jpg 300w, https:\/\/centralmedia.rs\/wp-content\/uploads\/2016\/08\/zgrada-jagodina-g.j.-768x576.jpg 768w, https:\/\/centralmedia.rs\/wp-content\/uploads\/2016\/08\/zgrada-jagodina-g.j.-80x60.jpg 80w, https:\/\/centralmedia.rs\/wp-content\/uploads\/2016\/08\/zgrada-jagodina-g.j.-265x198.jpg 265w\" sizes=\"(max-width: 760px) 100vw, 760px\" \/><\/a>\n\t\t\t<\/div><\/figure>\n\t\t<\/div>\n<br \/>\n\u010citavo leto je posve\u0107eno podizanju standarda nastave i komfora u radu studenta. Zamena prozora vredi 20 miliona dinara.<br \/>\n-Posle 40 godina zamenjena je stolarija na polovini zgrade, \u0161to \u0107e doprineti boljim uslovima rada, ali u\u0161tedi u energiji. Planiramo da ubrzo po\u010dnemo radove i na drugom delu zgrade. Pored toga, jedan od prioriteta nam je otvaranje menze za studente na samom Fakultetu u saradnji sa Domom u\u010denika i studenata, kazala je Violeta Jovanovi\u0107.<br \/>\nZa upisane bruco\u0161e sve\u010dana dodela indeksa je polovinom septembra, na po\u010detku \u0161kolske godine, dok zainteresovani za upis na master studije sve detalje mogu na\u0107i na sajtu Fakulteta.<\/p>\n","protected":false},"excerpt":{"rendered":"<p>JAGODINA-Fakultet pedago\u0161kih nauka u Jagodini je jedini od u\u010diteljskih fakulteta u Srbiji u prvom roku zavr\u0161io upis studenata i popunio svih 210 predvi\u0111enih mesta, kazala &hellip; <\/p>\n","protected":false},"author":4,"featured_media":4409,"comment_status":"open","ping_status":"open","sticky":false,"template":"","format":"standard","meta":{"footnotes":""},"categories":[14,2,12],"tags":[269,58,1167],"_links":{"self":[{"href":"https:\/\/centralmedia.rs\/index.php\/wp-json\/wp\/v2\/posts\/4408"}],"collection":[{"href":"https:\/\/centralmedia.rs\/index.php\/wp-json\/wp\/v2\/posts"}],"about":[{"href":"https:\/\/centralmedia.rs\/index.php\/wp-json\/wp\/v2\/types\/post"}],"author":[{"embeddable":true,"href":"https:\/\/centralmedia.rs\/index.php\/wp-json\/wp\/v2\/users\/4"}],"replies":[{"embeddable":true,"href":"https:\/\/centralmedia.rs\/index.php\/wp-json\/wp\/v2\/comments?post=4408"}],"version-history":[{"count":0,"href":"https:\/\/centralmedia.rs\/index.php\/wp-json\/wp\/v2\/posts\/4408\/revisions"}],"wp:featuredmedia":[{"embeddable":true,"href":"https:\/\/centralmedia.rs\/index.php\/wp-json\/wp\/v2\/media\/4409"}],"wp:attachment":[{"href":"https:\/\/centralmedia.rs\/index.php\/wp-json\/wp\/v2\/media?parent=4408"}],"wp:term":[{"taxonomy":"category","embeddable":true,"href":"https:\/\/centralmedia.rs\/index.php\/wp-json\/wp\/v2\/categories?post=4408"},{"taxonomy":"post_tag","embeddable":true,"href":"https:\/\/centralmedia.rs\/index.php\/wp-json\/wp\/v2\/tags?post=4408"}],"curies":[{"name":"wp","href":"https:\/\/api.w.org\/{rel}","templated":true}]}}