{"id":44097,"date":"2025-09-28T08:22:31","date_gmt":"2025-09-28T06:22:31","guid":{"rendered":"https:\/\/centralmedia.rs\/?p=44097"},"modified":"2025-10-01T08:22:44","modified_gmt":"2025-10-01T06:22:44","slug":"komandant-odbrane-kosova-i-metohije-od-nato","status":"publish","type":"post","link":"https:\/\/centralmedia.rs\/index.php\/2025\/09\/28\/komandant-odbrane-kosova-i-metohije-od-nato\/","title":{"rendered":"KOMANDANT ODBRANE KOSOVA I METOHIJE OD NATO"},"content":{"rendered":"\n<p>General Neboj\u0161a Pavkovi\u0107 stigao je danas u Srbiju, gde \u0107e le\u010denje nastaviti na Vojno-medicinskoj akademiji u Beogradu. On je <a><\/a>avionom Vlade Srbije iz Finske preba\u010den u Beograd.<\/p>\n\n\n\n<p>U poslednji \u010das je Mehanizam u Hagu odlu\u010dio da prevremeno na slobodu pusti generala Neboj\u0161u Pavkovi\u0107a, jer je njegovo zdravstveno stanje bilo kriti\u010dno. Pavkovi\u0107 je tokom NATO agresije 1999. godine bio komandant Tre\u0107e armije Vojske Jugoslavije, koja je raspore\u0111ena na prostoru Kosova i Metohije. Neboj\u0161a Pavkovi\u0107 je ro\u0111en 10. aprila 1946. godine u selu Senjski Rudnik, u op\u0161tini Despotovac. Osnovno obrazovanje zavr\u0161io je u rodnom kraju. Posle Vojne akademije obavljao je mnogobrojne du\u017enosti u JNA. Od 1994. godine u Pri\u0161tinskom korpusu obavljao je vi\u0161e du\u017enosti \u2013 bio je na\u010delnik Odeljenja za operativne poslove i obuku, na\u010delnik \u0161taba i komandant korpusa. Komandant Tre\u0107e armije postao je u decembru 1998. godine i tu funkciju obavljao do februara 2000. godine.<\/p>\n\n\n\n<p>U februaru 2000. godine postavljen je za na\u010delnika General\u0161taba Vojske Jugoslavije, na toj poziciji ostao je i pored brojnih zahteva za smenu, uklju\u010duju\u0107i i period nakon promena 5. oktobra 2000. Smenjen je ukazom predsednika SRJ Vojislava Ko\u0161tunice 24. juna 2002. godine.<\/p>\n","protected":false},"excerpt":{"rendered":"<p>General Neboj\u0161a Pavkovi\u0107 stigao je danas u Srbiju, gde \u0107e le\u010denje nastaviti na Vojno-medicinskoj akademiji u Beogradu. On je avionom Vlade Srbije iz Finske preba\u010den &hellip; <\/p>\n","protected":false},"author":2,"featured_media":44098,"comment_status":"closed","ping_status":"open","sticky":false,"template":"","format":"standard","meta":{"footnotes":""},"categories":[14,12],"tags":[7120],"_links":{"self":[{"href":"https:\/\/centralmedia.rs\/index.php\/wp-json\/wp\/v2\/posts\/44097"}],"collection":[{"href":"https:\/\/centralmedia.rs\/index.php\/wp-json\/wp\/v2\/posts"}],"about":[{"href":"https:\/\/centralmedia.rs\/index.php\/wp-json\/wp\/v2\/types\/post"}],"author":[{"embeddable":true,"href":"https:\/\/centralmedia.rs\/index.php\/wp-json\/wp\/v2\/users\/2"}],"replies":[{"embeddable":true,"href":"https:\/\/centralmedia.rs\/index.php\/wp-json\/wp\/v2\/comments?post=44097"}],"version-history":[{"count":1,"href":"https:\/\/centralmedia.rs\/index.php\/wp-json\/wp\/v2\/posts\/44097\/revisions"}],"predecessor-version":[{"id":44099,"href":"https:\/\/centralmedia.rs\/index.php\/wp-json\/wp\/v2\/posts\/44097\/revisions\/44099"}],"wp:featuredmedia":[{"embeddable":true,"href":"https:\/\/centralmedia.rs\/index.php\/wp-json\/wp\/v2\/media\/44098"}],"wp:attachment":[{"href":"https:\/\/centralmedia.rs\/index.php\/wp-json\/wp\/v2\/media?parent=44097"}],"wp:term":[{"taxonomy":"category","embeddable":true,"href":"https:\/\/centralmedia.rs\/index.php\/wp-json\/wp\/v2\/categories?post=44097"},{"taxonomy":"post_tag","embeddable":true,"href":"https:\/\/centralmedia.rs\/index.php\/wp-json\/wp\/v2\/tags?post=44097"}],"curies":[{"name":"wp","href":"https:\/\/api.w.org\/{rel}","templated":true}]}}