{"id":44142,"date":"2025-10-08T00:38:42","date_gmt":"2025-10-07T22:38:42","guid":{"rendered":"https:\/\/centralmedia.rs\/?p=44142"},"modified":"2025-10-08T00:38:43","modified_gmt":"2025-10-07T22:38:43","slug":"advokat-milovan-miki-stojanovic","status":"publish","type":"post","link":"https:\/\/centralmedia.rs\/index.php\/2025\/10\/08\/advokat-milovan-miki-stojanovic\/","title":{"rendered":"ADVOKAT MILOVAN MIKI STOJANOVI\u0106"},"content":{"rendered":"\n<p>Plaketa i statueta Balkan awards za najboljeg u advokatskoj profesiji ove godine pripala je advokatu iz Jagodine Milovanu Mikiju Stojanovi\u0107u.<\/p>\n\n\n\n<p>-Ovo je najva\u017enija nagrada koju sam u \u017eivotu dobio, a nagra\u0111ivan sam vi\u0161e puta. Pored toga \u0161to sam kandidat sam za potpredsednika Advokatske komore Srbije, ovo je ne samo za mene veliko priznanje ve\u0107 i za celu prorodicu, advokate Jagodine, Advokatsku komoru Kragujevac. Ovu veliku nagradu, kao najuspe\u0161niji u advokatsko profesiji, posvetio sam svom pokojnom sinu Nemanji koji je tako\u0111e bio advokat i koji je tragi\u010dno nastradao pre osam godina i kome je najve\u0107a \u017eelja bila da postane predsednik Advokatske komore Srbije. Sigurno bi to bio da je ostao u \u017eivotu. Ovo je velika \u010dast ali i obaveza da i dalje nastavim sa radom, kao i u protekle 32 godine, rekao je Stojanovi\u0107.<\/p>\n\n\n\n<figure class=\"wp-block-image size-large\"><img loading=\"lazy\" decoding=\"async\" width=\"577\" height=\"1024\" src=\"https:\/\/centralmedia.rs\/wp-content\/uploads\/2025\/10\/miki1-577x1024.jpg\" alt=\"\" class=\"wp-image-44144\" srcset=\"https:\/\/centralmedia.rs\/wp-content\/uploads\/2025\/10\/miki1-577x1024.jpg 577w, https:\/\/centralmedia.rs\/wp-content\/uploads\/2025\/10\/miki1-169x300.jpg 169w, https:\/\/centralmedia.rs\/wp-content\/uploads\/2025\/10\/miki1-768x1364.jpg 768w, https:\/\/centralmedia.rs\/wp-content\/uploads\/2025\/10\/miki1-865x1536.jpg 865w, https:\/\/centralmedia.rs\/wp-content\/uploads\/2025\/10\/miki1.jpg 901w\" sizes=\"(max-width: 577px) 100vw, 577px\" \/><\/figure>\n\n\n\n<p>On se priprema da objavi svoju drugu knjigu koja opisuje \u0161ezdesetak slu\u010dajeva ubistava.<\/p>\n\n\n\n<p>-To \u0107e biti naj\u010ditanija knjiga, a ve\u0107 imam zahteve da se te pri\u010de ekranizuju. Svi opisani &nbsp;doga\u0111aji su za rubriku ,,verovali ili ne\u201c, navodi Stojanovi\u0107 &nbsp;&nbsp;&nbsp;&nbsp;&nbsp;&nbsp;<\/p>\n","protected":false},"excerpt":{"rendered":"<p>Plaketa i statueta Balkan awards za najboljeg u advokatskoj profesiji ove godine pripala je advokatu iz Jagodine Milovanu Mikiju Stojanovi\u0107u. -Ovo je najva\u017enija nagrada koju &hellip; <\/p>\n","protected":false},"author":1,"featured_media":44143,"comment_status":"closed","ping_status":"open","sticky":false,"template":"","format":"standard","meta":{"footnotes":""},"categories":[1524,20,1514,12],"tags":[],"_links":{"self":[{"href":"https:\/\/centralmedia.rs\/index.php\/wp-json\/wp\/v2\/posts\/44142"}],"collection":[{"href":"https:\/\/centralmedia.rs\/index.php\/wp-json\/wp\/v2\/posts"}],"about":[{"href":"https:\/\/centralmedia.rs\/index.php\/wp-json\/wp\/v2\/types\/post"}],"author":[{"embeddable":true,"href":"https:\/\/centralmedia.rs\/index.php\/wp-json\/wp\/v2\/users\/1"}],"replies":[{"embeddable":true,"href":"https:\/\/centralmedia.rs\/index.php\/wp-json\/wp\/v2\/comments?post=44142"}],"version-history":[{"count":1,"href":"https:\/\/centralmedia.rs\/index.php\/wp-json\/wp\/v2\/posts\/44142\/revisions"}],"predecessor-version":[{"id":44145,"href":"https:\/\/centralmedia.rs\/index.php\/wp-json\/wp\/v2\/posts\/44142\/revisions\/44145"}],"wp:featuredmedia":[{"embeddable":true,"href":"https:\/\/centralmedia.rs\/index.php\/wp-json\/wp\/v2\/media\/44143"}],"wp:attachment":[{"href":"https:\/\/centralmedia.rs\/index.php\/wp-json\/wp\/v2\/media?parent=44142"}],"wp:term":[{"taxonomy":"category","embeddable":true,"href":"https:\/\/centralmedia.rs\/index.php\/wp-json\/wp\/v2\/categories?post=44142"},{"taxonomy":"post_tag","embeddable":true,"href":"https:\/\/centralmedia.rs\/index.php\/wp-json\/wp\/v2\/tags?post=44142"}],"curies":[{"name":"wp","href":"https:\/\/api.w.org\/{rel}","templated":true}]}}