{"id":4419,"date":"2016-08-26T22:19:09","date_gmt":"2016-08-26T22:19:09","guid":{"rendered":"http:\/\/centralmedia.rs\/?p=4419"},"modified":"2017-01-16T13:23:21","modified_gmt":"2017-01-16T13:23:21","slug":"poceo-viteski-festival-despot-stefan-vise-od-5-000-gradana-podno-zidina-manasije","status":"publish","type":"post","link":"https:\/\/centralmedia.rs\/index.php\/2016\/08\/26\/poceo-viteski-festival-despot-stefan-vise-od-5-000-gradana-podno-zidina-manasije\/","title":{"rendered":"PO\u010cEO VITE\u0160KI FESTIVAL DESPOT STEFAN &#8211; VI\u0160E OD 5.000 GRA\u0110ANA PODNO ZIDINA MANASIJE"},"content":{"rendered":"<p>DESPOTOVAC-Vi\u0161e od 5.000 gra\u0111ana Srbije podno zidina manastira Manasija kod Despotovca ve\u010deras je prisustvovalo po\u010detku 2. Me\u0111unarodnog vite\u0161kog festivala \u201eDespot Stefan Lazarevi\u0107- JUST OUT Manasija 2016.&#8221;. Otvaranju festivala prisustvovali su amabsador Ruske Federacije Aleksandar \u010cepurin i savetnica predsednika Srbije Stanislava Pak. Na festivalu u\u010destvuje 350 vitezova iz 15 dr\u017eava.<\/p>\n<p><div id='gallery-1' class='gallery galleryid-4419 gallery-columns-4 gallery-size-thumbnail'><figure class='gallery-item'>\n\t\t\t<div class='gallery-icon landscape'>\n\t\t\t\t<a href='https:\/\/centralmedia.rs\/index.php\/2016\/08\/26\/poceo-viteski-festival-despot-stefan-vise-od-5-000-gradana-podno-zidina-manasije\/viteski-festival-despotovac-g-j\/'><img loading=\"lazy\" decoding=\"async\" width=\"150\" height=\"150\" src=\"https:\/\/centralmedia.rs\/wp-content\/uploads\/2016\/08\/viteski-festival-despotovac-g.j.-150x150.jpg\" class=\"attachment-thumbnail size-thumbnail\" alt=\"\" \/><\/a>\n\t\t\t<\/div><\/figure><figure class='gallery-item'>\n\t\t\t<div class='gallery-icon landscape'>\n\t\t\t\t<a href='https:\/\/centralmedia.rs\/index.php\/2016\/08\/26\/poceo-viteski-festival-despot-stefan-vise-od-5-000-gradana-podno-zidina-manasije\/viteski-festival-1-despotovac-g-j\/'><img loading=\"lazy\" decoding=\"async\" width=\"150\" height=\"150\" src=\"https:\/\/centralmedia.rs\/wp-content\/uploads\/2016\/08\/viteski-festival-1-despotovac-g.j.-150x150.jpg\" class=\"attachment-thumbnail size-thumbnail\" alt=\"\" \/><\/a>\n\t\t\t<\/div><\/figure><figure class='gallery-item'>\n\t\t\t<div class='gallery-icon landscape'>\n\t\t\t\t<a href='https:\/\/centralmedia.rs\/index.php\/2016\/08\/26\/poceo-viteski-festival-despot-stefan-vise-od-5-000-gradana-podno-zidina-manasije\/viteski-festival-5-despotovac-g-j\/'><img loading=\"lazy\" decoding=\"async\" width=\"150\" height=\"150\" src=\"https:\/\/centralmedia.rs\/wp-content\/uploads\/2016\/08\/viteski-festival-5-despotovac-g.j.-150x150.jpg\" class=\"attachment-thumbnail size-thumbnail\" alt=\"\" \/><\/a>\n\t\t\t<\/div><\/figure><figure class='gallery-item'>\n\t\t\t<div class='gallery-icon landscape'>\n\t\t\t\t<a href='https:\/\/centralmedia.rs\/index.php\/2016\/08\/26\/poceo-viteski-festival-despot-stefan-vise-od-5-000-gradana-podno-zidina-manasije\/viteski-festival-3-despotovac-g-j\/'><img loading=\"lazy\" decoding=\"async\" width=\"150\" height=\"150\" src=\"https:\/\/centralmedia.rs\/wp-content\/uploads\/2016\/08\/viteski-festival-3-despotovac-g.j.-150x150.jpg\" class=\"attachment-thumbnail size-thumbnail\" alt=\"\" \/><\/a>\n\t\t\t<\/div><\/figure>\n\t\t<\/div>\n<br \/>\n-Despot Stefan je bio prvi Srpski vitez, vite\u0161kog reda Zmaja. Cilj manifestacije je promocija srpske kulture i ba\u0161tine, uz u\u010de\u0161\u0107e brojnih umetnika i vite\u0161kih trupa iz Evrope i sveta. Pored toga, cilj nam je da festivalom obele\u017eimo 6 vekova od zavr\u0161etka izgradnje Manasije, na\u0161eg najvrednijeg srednjevekovnog bisera kuluture, zadu\u017ebine Despota Stefana, rekao je na otvaranju direktor te manifestacije Vladimir Blagojevi\u0107.<\/p>\n<p><div id='gallery-2' class='gallery galleryid-4419 gallery-columns-4 gallery-size-thumbnail'><figure class='gallery-item'>\n\t\t\t<div class='gallery-icon landscape'>\n\t\t\t\t<a href='https:\/\/centralmedia.rs\/index.php\/2016\/08\/26\/poceo-viteski-festival-despot-stefan-vise-od-5-000-gradana-podno-zidina-manasije\/viteski-festival-10-despotovac-g-j\/'><img loading=\"lazy\" decoding=\"async\" width=\"150\" height=\"150\" src=\"https:\/\/centralmedia.rs\/wp-content\/uploads\/2016\/08\/viteski-festival-10-despotovac-g.j.-150x150.jpg\" class=\"attachment-thumbnail size-thumbnail\" alt=\"\" \/><\/a>\n\t\t\t<\/div><\/figure><figure class='gallery-item'>\n\t\t\t<div class='gallery-icon landscape'>\n\t\t\t\t<a href='https:\/\/centralmedia.rs\/index.php\/2016\/08\/26\/poceo-viteski-festival-despot-stefan-vise-od-5-000-gradana-podno-zidina-manasije\/viteski-festival-6-despotovac-g-j\/'><img loading=\"lazy\" decoding=\"async\" width=\"150\" height=\"150\" src=\"https:\/\/centralmedia.rs\/wp-content\/uploads\/2016\/08\/viteski-festival-6-despotovac-g.j.-150x150.jpg\" class=\"attachment-thumbnail size-thumbnail\" alt=\"\" \/><\/a>\n\t\t\t<\/div><\/figure><figure class='gallery-item'>\n\t\t\t<div class='gallery-icon portrait'>\n\t\t\t\t<a href='https:\/\/centralmedia.rs\/index.php\/2016\/08\/26\/poceo-viteski-festival-despot-stefan-vise-od-5-000-gradana-podno-zidina-manasije\/viteski-festival-14-despotovac-g-j\/'><img loading=\"lazy\" decoding=\"async\" width=\"150\" height=\"150\" src=\"https:\/\/centralmedia.rs\/wp-content\/uploads\/2016\/08\/viteski-festival-14-despotovac-g.j.-150x150.jpg\" class=\"attachment-thumbnail size-thumbnail\" alt=\"\" \/><\/a>\n\t\t\t<\/div><\/figure><figure class='gallery-item'>\n\t\t\t<div class='gallery-icon portrait'>\n\t\t\t\t<a href='https:\/\/centralmedia.rs\/index.php\/2016\/08\/26\/poceo-viteski-festival-despot-stefan-vise-od-5-000-gradana-podno-zidina-manasije\/viteski-festival-9-despotovac-g-j\/'><img loading=\"lazy\" decoding=\"async\" width=\"150\" height=\"150\" src=\"https:\/\/centralmedia.rs\/wp-content\/uploads\/2016\/08\/viteski-festival-9-despotovac-g.j.-150x150.jpg\" class=\"attachment-thumbnail size-thumbnail\" alt=\"\" \/><\/a>\n\t\t\t<\/div><\/figure>\n\t\t<\/div>\n<br \/>\n-Planiramo da narednih godina podignemo Vite\u0161ko selo koje \u0107e tokom cele godine biti aktivno sa radionicama starih zanata, vitezovima i turisti\u010dkim pultovima. Vite\u0161ki festival je velika prilika za promociju Despotovca i Resavskog kraja, kao i na\u0161e turisti\u010dke ponude. Recimo da je potra\u017enja za slobodnim sobama i krevetima pet puta ve\u0107a od trenutnih kapaciteta, ka\u017ee predsednik te op\u0161tine Nikola Nikol\u0107.<\/p>\n<p><div id='gallery-3' class='gallery galleryid-4419 gallery-columns-4 gallery-size-thumbnail'><figure class='gallery-item'>\n\t\t\t<div class='gallery-icon portrait'>\n\t\t\t\t<a href='https:\/\/centralmedia.rs\/index.php\/2016\/08\/26\/poceo-viteski-festival-despot-stefan-vise-od-5-000-gradana-podno-zidina-manasije\/viteski-festival-13-despotovac-g-j\/'><img loading=\"lazy\" decoding=\"async\" width=\"150\" height=\"150\" src=\"https:\/\/centralmedia.rs\/wp-content\/uploads\/2016\/08\/viteski-festival-13-despotovac-g.j.-150x150.jpg\" class=\"attachment-thumbnail size-thumbnail\" alt=\"\" \/><\/a>\n\t\t\t<\/div><\/figure><figure class='gallery-item'>\n\t\t\t<div class='gallery-icon portrait'>\n\t\t\t\t<a href='https:\/\/centralmedia.rs\/index.php\/2016\/08\/26\/poceo-viteski-festival-despot-stefan-vise-od-5-000-gradana-podno-zidina-manasije\/viteski-festival-7-despotovac-g-j\/'><img loading=\"lazy\" decoding=\"async\" width=\"150\" height=\"150\" src=\"https:\/\/centralmedia.rs\/wp-content\/uploads\/2016\/08\/viteski-festival-7-despotovac-g.j.-150x150.jpg\" class=\"attachment-thumbnail size-thumbnail\" alt=\"\" \/><\/a>\n\t\t\t<\/div><\/figure><figure class='gallery-item'>\n\t\t\t<div class='gallery-icon portrait'>\n\t\t\t\t<a href='https:\/\/centralmedia.rs\/index.php\/2016\/08\/26\/poceo-viteski-festival-despot-stefan-vise-od-5-000-gradana-podno-zidina-manasije\/viteski-festival-8-despotovac-g-j\/'><img loading=\"lazy\" decoding=\"async\" width=\"150\" height=\"150\" src=\"https:\/\/centralmedia.rs\/wp-content\/uploads\/2016\/08\/viteski-festival-8-despotovac-g.j.-150x150.jpg\" class=\"attachment-thumbnail size-thumbnail\" alt=\"\" \/><\/a>\n\t\t\t<\/div><\/figure><figure class='gallery-item'>\n\t\t\t<div class='gallery-icon portrait'>\n\t\t\t\t<a href='https:\/\/centralmedia.rs\/index.php\/2016\/08\/26\/poceo-viteski-festival-despot-stefan-vise-od-5-000-gradana-podno-zidina-manasije\/viteski-festival-4-despotovac-g-j\/'><img loading=\"lazy\" decoding=\"async\" width=\"150\" height=\"150\" src=\"https:\/\/centralmedia.rs\/wp-content\/uploads\/2016\/08\/viteski-festival-4-despotovac-g.j.-150x150.jpg\" class=\"attachment-thumbnail size-thumbnail\" alt=\"\" \/><\/a>\n\t\t\t<\/div><\/figure>\n\t\t<\/div>\n<br \/>\nPosle sve\u010danog otvaranja nastupila je plesna grupa Una saga Serbica,te francuske grupe koje neguju srednjevekovnu muziku Tengri i Ethnomus. U sve\u010danom defileu bili su vitezovi iz Bugarske, \u010ce\u0161ke, Slova\u010dke, Francuske, Hrvatske, Danske, Ma\u0111arske, Republike Srpske, Rumunije, \u0160vedske, Slovenije, Ukrajine, Italije i Srbije. U vite\u0161kom programu \u010diji je doma\u0107in srpska vite\u0161ka grupa Beli orlovi nastupili gosti iz Evrope, Konji\u010dki klub Ljubi\u010devo, Srpska kaskaderska agencija SKA Tim: Istorijske borbe, Ukrajinska plesna grupa JAH SURYA: Ples vatre i ma\u010da, Vite\u0161ke borbe: HEMA dueli i Bohurt borbe, dok je u ma\u010devanju kroz vekove prikazano srednjevekovno oklopno borenje 13 \u2013 14. vek, evropsko neoklopljeno ma\u010devanje 16 \u2013 17. vek i moderno ma\u010devanje 20 \u2013 21. Vek.<br \/>\nManastir Manasija je zadu\u017ebina despota Stefana Lazarevi\u0107a po\u010deo je da se zida 1407, a gradnja je okon\u010dana 1418. godine. Manastirska crkva je posve\u0107ena Svetoj Trojici, a osve\u0161tena je o prazniku Svetog duha.<br \/>\nU subotu \u0107e u de\u010dijem programu biti organizovana mala \u0161kola ma\u010devanja i srednjovekovnih dru\u0161tvenih igara, zatim Vite\u0161ki turnir u Vite\u0161kom selu, vite\u0161ki i streli\u010darski turniri u srednjovekovnom selu, defile: vite\u0161ke trupe BELI ORLOVI, resital Slovo ljubve i Vite\u0161ki program.<br \/>\nKompleks manastira Manasija je opasan velikim zidovima koji su slu\u017eili za odbranu. Re\u010d je o utvr\u0111enoj celini koju okru\u017euju 11 kula, od kojih se isticala don\u017eon kula, poznatija kao Despotova kula. Iako je sa\u010duvana tek tre\u0107ina fresaka u manastiru, \u017eivopis Manasije spada u red najve\u0107ih dometa srednjovekovnog slikarstva.<br \/>\nTre\u0107i dan festivala po\u010dinje malom \u0161kolom ma\u010devanja, ga\u0111anja iz luka i strele, radionica grn\u010darije i srednjovekovnih dru\u0161tvenih igara, slede vite\u0161ke borbe u razli\u010ditim vite\u0161kim borila\u010dkim disciplinama uVite\u0161kom selu.<br \/>\nTokom radova na rekonstrukciji manastirske crkve u Manasiji po\u010detkom ovog veka, otkriveni su zemni ostaci za koje je utvr\u0111eno da pripadaju despotu Stefanu. DNK analiza tih ostataka je sa 99,9378% ta\u010dnosti potvrdila da se radi o sinu kneza Lazara.<br \/>\nSrednjovekovni kamp &#8211; selo u kojem su sme\u0161teni vitezovi, otvoren je za obilazak posetilaca.<\/p>\n<p><em><strong>Pozitivni primeri-Razglednica iz Despotovca \u2013 Projekat se realizuje uz pomo\u0107 sredstava iz bud\u017eeta Op\u0161tine Despotovac<\/strong><\/em><\/p>\n","protected":false},"excerpt":{"rendered":"<p>DESPOTOVAC-Vi\u0161e od 5.000 gra\u0111ana Srbije podno zidina manastira Manasija kod Despotovca ve\u010deras je prisustvovalo po\u010detku 2. Me\u0111unarodnog vite\u0161kog festivala \u201eDespot Stefan Lazarevi\u0107- JUST OUT Manasija &hellip; <\/p>\n","protected":false},"author":4,"featured_media":4420,"comment_status":"open","ping_status":"open","sticky":false,"template":"","format":"standard","meta":{"footnotes":""},"categories":[1518,1524,2,15,887,12],"tags":[1169,51,1168],"_links":{"self":[{"href":"https:\/\/centralmedia.rs\/index.php\/wp-json\/wp\/v2\/posts\/4419"}],"collection":[{"href":"https:\/\/centralmedia.rs\/index.php\/wp-json\/wp\/v2\/posts"}],"about":[{"href":"https:\/\/centralmedia.rs\/index.php\/wp-json\/wp\/v2\/types\/post"}],"author":[{"embeddable":true,"href":"https:\/\/centralmedia.rs\/index.php\/wp-json\/wp\/v2\/users\/4"}],"replies":[{"embeddable":true,"href":"https:\/\/centralmedia.rs\/index.php\/wp-json\/wp\/v2\/comments?post=4419"}],"version-history":[{"count":0,"href":"https:\/\/centralmedia.rs\/index.php\/wp-json\/wp\/v2\/posts\/4419\/revisions"}],"wp:featuredmedia":[{"embeddable":true,"href":"https:\/\/centralmedia.rs\/index.php\/wp-json\/wp\/v2\/media\/4420"}],"wp:attachment":[{"href":"https:\/\/centralmedia.rs\/index.php\/wp-json\/wp\/v2\/media?parent=4419"}],"wp:term":[{"taxonomy":"category","embeddable":true,"href":"https:\/\/centralmedia.rs\/index.php\/wp-json\/wp\/v2\/categories?post=4419"},{"taxonomy":"post_tag","embeddable":true,"href":"https:\/\/centralmedia.rs\/index.php\/wp-json\/wp\/v2\/tags?post=4419"}],"curies":[{"name":"wp","href":"https:\/\/api.w.org\/{rel}","templated":true}]}}