{"id":44289,"date":"2025-11-01T13:15:33","date_gmt":"2025-11-01T12:15:33","guid":{"rendered":"https:\/\/centralmedia.rs\/?p=44289"},"modified":"2025-11-02T00:15:48","modified_gmt":"2025-11-01T23:15:48","slug":"godisnjica-pada-nadstresnice-na-zeleznickoj-stanici-u-novom-sadu","status":"publish","type":"post","link":"https:\/\/centralmedia.rs\/index.php\/2025\/11\/01\/godisnjica-pada-nadstresnice-na-zeleznickoj-stanici-u-novom-sadu\/","title":{"rendered":"Godi\u0161njica pada nadstre\u0161nice na \u017delezni\u010dkoj stanici u Novom Sadu"},"content":{"rendered":"\n<p><a><\/a>Navr\u0161ilo se godinu dana od pada nadstre\u0161nice na \u017delezni\u010dkoj stanici u Novom Sadu, u kojem je poginulo 16 ljudi, a jedna osoba te\u0161ko povre\u0111ena. Vlada Srbije proglasila Dan \u017ealosti. Veliki komemorativni skup, na poziv studenata, odr\u017eava se na mestu tragedije.<\/p>\n\n\n\n<p>Skup \u0160esnaest minuta ti\u0161ine za 16 \u017ertava u padu nadstre\u0161nice u Novom Sadu po\u010deo je okupljanjima na svim ve\u0107im saobra\u0107ajnicama, trgovima, pijacama, kao i u studentskom gradu, a u\u010desnici nisu nosili transparente i nisu pravili buku. Na \u017delezni\u010dkoj stanici je u 11.52 organizovano 16 minuta ti\u0161ine i polaganje venaca, posle toga usledili su govori, projekcija filma i nastup hora.<\/p>\n","protected":false},"excerpt":{"rendered":"<p>Navr\u0161ilo se godinu dana od pada nadstre\u0161nice na \u017delezni\u010dkoj stanici u Novom Sadu, u kojem je poginulo 16 ljudi, a jedna osoba te\u0161ko povre\u0111ena. Vlada &hellip; <\/p>\n","protected":false},"author":2,"featured_media":44290,"comment_status":"closed","ping_status":"open","sticky":false,"template":"","format":"standard","meta":{"footnotes":""},"categories":[13,12],"tags":[1948],"_links":{"self":[{"href":"https:\/\/centralmedia.rs\/index.php\/wp-json\/wp\/v2\/posts\/44289"}],"collection":[{"href":"https:\/\/centralmedia.rs\/index.php\/wp-json\/wp\/v2\/posts"}],"about":[{"href":"https:\/\/centralmedia.rs\/index.php\/wp-json\/wp\/v2\/types\/post"}],"author":[{"embeddable":true,"href":"https:\/\/centralmedia.rs\/index.php\/wp-json\/wp\/v2\/users\/2"}],"replies":[{"embeddable":true,"href":"https:\/\/centralmedia.rs\/index.php\/wp-json\/wp\/v2\/comments?post=44289"}],"version-history":[{"count":1,"href":"https:\/\/centralmedia.rs\/index.php\/wp-json\/wp\/v2\/posts\/44289\/revisions"}],"predecessor-version":[{"id":44291,"href":"https:\/\/centralmedia.rs\/index.php\/wp-json\/wp\/v2\/posts\/44289\/revisions\/44291"}],"wp:featuredmedia":[{"embeddable":true,"href":"https:\/\/centralmedia.rs\/index.php\/wp-json\/wp\/v2\/media\/44290"}],"wp:attachment":[{"href":"https:\/\/centralmedia.rs\/index.php\/wp-json\/wp\/v2\/media?parent=44289"}],"wp:term":[{"taxonomy":"category","embeddable":true,"href":"https:\/\/centralmedia.rs\/index.php\/wp-json\/wp\/v2\/categories?post=44289"},{"taxonomy":"post_tag","embeddable":true,"href":"https:\/\/centralmedia.rs\/index.php\/wp-json\/wp\/v2\/tags?post=44289"}],"curies":[{"name":"wp","href":"https:\/\/api.w.org\/{rel}","templated":true}]}}