{"id":44292,"date":"2025-11-01T13:17:38","date_gmt":"2025-11-01T12:17:38","guid":{"rendered":"https:\/\/centralmedia.rs\/?p=44292"},"modified":"2025-11-02T00:17:51","modified_gmt":"2025-11-01T23:17:51","slug":"u-hramu-svetog-save-u-beogradu-odrzan-je-parastos-stradalima-na-zeleznickoj-stanici-u-novom-sadu-koji-je-sluzio-patrijarh-srpski-porfirije-u-prisustvu-predsednika-srbije-aleksandra-vucica","status":"publish","type":"post","link":"https:\/\/centralmedia.rs\/index.php\/2025\/11\/01\/u-hramu-svetog-save-u-beogradu-odrzan-je-parastos-stradalima-na-zeleznickoj-stanici-u-novom-sadu-koji-je-sluzio-patrijarh-srpski-porfirije-u-prisustvu-predsednika-srbije-aleksandra-vucica\/","title":{"rendered":"U Hramu Svetog Save u Beogradu odr\u017ean je parastos stradalima na \u017delezni\u010dkoj stanici u Novom Sadu koji je slu\u017eio patrijarh srpski Porfirije, u prisustvu predsednika Srbije Aleksandra Vu\u010di\u0107a."},"content":{"rendered":"\n<p><a><\/a>Parastosu, koji se slu\u017ei i za sve preminule pravoslavne hri\u0161\u0107ane povodom zadu\u0161nica, prisustvuju zvani\u010dnici Srbije i Republike Srpske, me\u0111u kojima su i premijer Srbije \u0110uro Macut i predsednica Skup\u0161tine Srbije Ana Brnabi\u0107,ministri, kao i veliki broj gra\u0111ana.<\/p>\n\n\n\n<p>&#8220;Mir, najpre, u svakome od nas, a onda i mir me\u0111u nama. Da nam daruje spoznaju, da smo jedni drugima potrebni. Da nam daruje ose\u0107anje, da smo jedno ili samo tako, \u0107emo \u010duvati i nositi na sebi blagoslov Svetoga Save&#8221;, poru\u010dio je Porfirije. &#8220;Pro\u0161la je godina od dana koji je zauvek promenio Srbiju. \u0160esnaest \u017eivota je uga\u0161eno usled pada nadstre\u0161nice na \u017eelezni\u010dkoj stanici u Novom Sadu. Danas za svakoga od njih palimo sve\u0107u mole\u0107i se u ti\u0161ini i veruju\u0107i da \u0107e njihova imena i uspomene ostati zauvek u na\u0161im srcima&#8221;, naveo je Vu\u010di\u0107 na Instagramu.<\/p>\n","protected":false},"excerpt":{"rendered":"<p>Parastosu, koji se slu\u017ei i za sve preminule pravoslavne hri\u0161\u0107ane povodom zadu\u0161nica, prisustvuju zvani\u010dnici Srbije i Republike Srpske, me\u0111u kojima su i premijer Srbije \u0110uro &hellip; <\/p>\n","protected":false},"author":2,"featured_media":44293,"comment_status":"closed","ping_status":"open","sticky":false,"template":"","format":"standard","meta":{"footnotes":""},"categories":[20,12],"tags":[3230],"_links":{"self":[{"href":"https:\/\/centralmedia.rs\/index.php\/wp-json\/wp\/v2\/posts\/44292"}],"collection":[{"href":"https:\/\/centralmedia.rs\/index.php\/wp-json\/wp\/v2\/posts"}],"about":[{"href":"https:\/\/centralmedia.rs\/index.php\/wp-json\/wp\/v2\/types\/post"}],"author":[{"embeddable":true,"href":"https:\/\/centralmedia.rs\/index.php\/wp-json\/wp\/v2\/users\/2"}],"replies":[{"embeddable":true,"href":"https:\/\/centralmedia.rs\/index.php\/wp-json\/wp\/v2\/comments?post=44292"}],"version-history":[{"count":1,"href":"https:\/\/centralmedia.rs\/index.php\/wp-json\/wp\/v2\/posts\/44292\/revisions"}],"predecessor-version":[{"id":44294,"href":"https:\/\/centralmedia.rs\/index.php\/wp-json\/wp\/v2\/posts\/44292\/revisions\/44294"}],"wp:featuredmedia":[{"embeddable":true,"href":"https:\/\/centralmedia.rs\/index.php\/wp-json\/wp\/v2\/media\/44293"}],"wp:attachment":[{"href":"https:\/\/centralmedia.rs\/index.php\/wp-json\/wp\/v2\/media?parent=44292"}],"wp:term":[{"taxonomy":"category","embeddable":true,"href":"https:\/\/centralmedia.rs\/index.php\/wp-json\/wp\/v2\/categories?post=44292"},{"taxonomy":"post_tag","embeddable":true,"href":"https:\/\/centralmedia.rs\/index.php\/wp-json\/wp\/v2\/tags?post=44292"}],"curies":[{"name":"wp","href":"https:\/\/api.w.org\/{rel}","templated":true}]}}