{"id":443,"date":"2015-10-14T00:05:43","date_gmt":"2015-10-14T00:05:43","guid":{"rendered":"http:\/\/centralmedia.rs\/?p=443"},"modified":"2015-10-14T00:05:43","modified_gmt":"2015-10-14T00:05:43","slug":"vucic-otvorio-vibak","status":"publish","type":"post","link":"https:\/\/centralmedia.rs\/index.php\/2015\/10\/14\/vucic-otvorio-vibak\/","title":{"rendered":"VU\u010cI\u0106 OTVORIO VIBAK"},"content":{"rendered":"<p>JAGODINA-Predsednik Vlade Srbije Aleksandar Vu\u010di\u0107 izjavio je u ponedeljak prilikom otvaranja italijanske fabrike Vibak u Jagodini da Srbiju u narednim godinama o\u010dekuje dinami\u010dan rast dru\u0161tevnog bruto proizvoda. Re\u010d je o fabrici za proizvodnju selotejp traka u koju je ulo\u017eeno 75 miliona evra, a Srbija pomogla investiciju sa 12 miliona zbog zapo\u0161ljavanja 340 radnika, o\u010dekuje se da Vibak godi\u0161nje izvozi robe za 150 miliona evra. Otvaranju su prisutvovali ministar Ivica Da\u010di\u0107, ambasador Italije \u0110uzepe Manco, predsednik Skup\u0161tine grada Jagodina Dragan Markovi\u0107 Palma i direktorka Vibaka Kristina Batista.<br \/>\n   \t&#8211; Srbija vi\u0161e ne\u0107e i\u0107i u recesiju, a u narednim godinama o\u010dekuje nas dinami\u010dan rast DBP. Iz godine u godinu pove\u0107ava\u0107emo vrednost dru\u0161tvenog proizvoda. Uspeli smo da smanjim stopu nezaposlenosti i pove\u0107amo broj zaposleni. To su primetile me\u0111unarodne finansijske institucije. Nismo zadovoljni kako ljudi \u017eive i zato \u0107emo po\u010deti razgovore MMF o pobolj\u0161anju standarda, ali ne \u017eelimo da ugrozimo na\u0161u fiskalnu stabilnost. Inflacija je na nivou od 2 odsto, a pove\u0107anja plata i penzija ne\u0107e biti uru\u0161avana inflacijom, rekao je Vu\u010di\u0107.<br \/>\nOn je potvrdio da je Srbija je iza\u0161la iz recesije u godni fiskalne konsolidacije koja je bila veoma te\u0161ka. Ostvaren je rast BDP, i pored su\u0161e,  za jedan procenat, te zbog toga Vu\u010di\u0107 smatra da Srbija mo\u017ee da bude ,,motor\u201c razvoja ovog dela Evrope.<br \/>\n-Posve\u0107eni smo o\u010duvanju regionalne stabilnosti. Nismo odgovarali na provokacije, ali ne dozvoljavamo nikom da nas poni\u017eava i to smo svima jasno stavili do znanja. To smo radili ne zato \u0161to smo slabi, ve\u0107 zato \u0161to smo \u017eeleli da na\u0161e komi\u0161ije i prijatelji jo\u0161 jednom sagledaju situaciju. Na\u0161 put je ka Evropskoj Uniji, ali ne tra\u017eite od mene da pokazujem odu\u0161evljenje kada se prema nama pona\u0161aju sa nipoda\u0161avanjem, naglasio je Vu\u010di\u0107 i dodao da u mnogim lokalnim sredinama sede i \u010dekuju investitore, dok Markovi\u0107 vodi aktivnu politku dovo\u0111enja inestitora i to daje rezultate, \u0161to je primer na koji treba svi da se ugledaju.<br \/>\nMinistar inostranih poslova Ivica Da\u010di\u0107 rekao je da je sre\u0107an \u0161to se pokazalo da u Srbiji  ,,postavljanje kamena temeljca nije samo izborna kategorija\u201c<br \/>\n\t-Ovim se potvrdilo da je ovo jedna u nizu fabrika u Jagodini. Nismo pri\u010dali samo radi pri\u010de, ve\u0107 smo uradili ono \u0161to se od nas o\u010dekuje. Vodimo realnu politiku, koja pokazuje rezultate. O Srbiji se danas lepo pri\u010da u svetu, Srbija je popravila me\u0111unarodni polo\u017eaj i sliku o sebi. Va\u017eno je da Srbija ne propusti ovu \u0161ansu, kao \u0161to je mnogo \u0161ansi u pro\u0161losti propustila. Srbija i Srpski narod zaslu\u017euju da \u017eive bolje, kao sav normaln svet, kao \u010dlanovi EU uz za\u0161titu dr\u017eavnih i nacionalnih interesa. Ovu \u0161ansu ne smemo propustiti, jer ne mo\u017eemo vi\u0161e samo da \u017ealimo za propu\u0161tenim prilikama i izneverenim o\u010dekivanjima. Uhvatimo realnost, time \u0107emo i uhvatiti budu\u0107nost.  To je politika ove vlade. Nema razvoja Srbije bez novih radnih mesta, bez rasta DBP i na tome premijer Vu\u010di\u0107 i vlada rade svakodnevno, naglasio je on.<br \/>\nPredsednik Skup\u0161tine grada Jagodina i narodni poslanik Dragan Markovi\u0107 Palma izjavio je da je Industrijska zona izgra\u0111ena 2006 godine, ali da posle godinu dana niko od investitora nije do\u0161ao, a zatim je usledila organizacija preko 30 putovanja u dr\u017eave Evrope.<br \/>\n\t-Klju\u010dno putovanje bilo je u Rim, gde smo upoznali vlasnike kompanije Vibak, a pre dve godine tada\u0161nji premijer Da\u010di\u0107 polo\u017eio je kamen temeljac. Moram da se zahvalim premijeru Vu\u010di\u0107u jer u Srbiji postoji politi\u010dka stabilnost, ekonomska sigurnost, te zbog toga sve ve\u0107i broj investitora dolazi u Srbiju. Nikada nismo bili popularniji i priznatiji u me\u0111unarodnim odnosima, nego u protekle dve godine. Moramo da se borimo za nova radna mesta, jer je to jedini put ka stvaranju i o\u010duvanju boljeg dru\u0161tva, istakao je Markovi\u0107 i to potkrepio podatkom da je suficit jagodinske privrede za osam meseci 20 miliona dolara, a do kraja godine bi\u0107e 25 miliona dolara.<br \/>\n-Slede\u0107e godine suficit jagodinske privrede bi\u0107e preko 50 miliona evra. Pozivam sve moje kolege da se bore za nove investitore, jer je to u interesu gra\u0111ana i Srbije, dodao je on.<br \/>\nKristina Batista potvrdila je da je  uz pomo\u0107 jagodinske lokalne samouprave ralizovana investicija na 120.000 kvadrata i da je pod pogonima 70.000 kvadrata, te da \u0107e selotejp biti izvo\u017een na tr\u017ei\u0161ta celog sveta i da \u0107e dosti\u0107i vrednost 150 miliona evra.<br \/>\nLINIJA PALMA<br \/>\nU fabrici Vibak u Jagodini pu\u0161tena je u rad linija za proizvodnju selotejpa ,,Palma\u201c, nazvana po prvom \u010doveku Jagodine Draganu Markovi\u0107u Palmi. To je najve\u0107a ma\u0161ina u fabrici du\u017eine preko 100 metra, koja je izra\u0111ena po specijalnim nacrtima, a vredi vi\u0161e desetina miliona evra.   <\/p>\n","protected":false},"excerpt":{"rendered":"<p>JAGODINA-Predsednik Vlade Srbije Aleksandar Vu\u010di\u0107 izjavio je u ponedeljak prilikom otvaranja italijanske fabrike Vibak u Jagodini da Srbiju u narednim godinama o\u010dekuje dinami\u010dan rast dru\u0161tevnog &hellip; <\/p>\n","protected":false},"author":4,"featured_media":444,"comment_status":"open","ping_status":"open","sticky":false,"template":"","format":"standard","meta":{"footnotes":""},"categories":[13],"tags":[47,62,63],"_links":{"self":[{"href":"https:\/\/centralmedia.rs\/index.php\/wp-json\/wp\/v2\/posts\/443"}],"collection":[{"href":"https:\/\/centralmedia.rs\/index.php\/wp-json\/wp\/v2\/posts"}],"about":[{"href":"https:\/\/centralmedia.rs\/index.php\/wp-json\/wp\/v2\/types\/post"}],"author":[{"embeddable":true,"href":"https:\/\/centralmedia.rs\/index.php\/wp-json\/wp\/v2\/users\/4"}],"replies":[{"embeddable":true,"href":"https:\/\/centralmedia.rs\/index.php\/wp-json\/wp\/v2\/comments?post=443"}],"version-history":[{"count":0,"href":"https:\/\/centralmedia.rs\/index.php\/wp-json\/wp\/v2\/posts\/443\/revisions"}],"wp:featuredmedia":[{"embeddable":true,"href":"https:\/\/centralmedia.rs\/index.php\/wp-json\/wp\/v2\/media\/444"}],"wp:attachment":[{"href":"https:\/\/centralmedia.rs\/index.php\/wp-json\/wp\/v2\/media?parent=443"}],"wp:term":[{"taxonomy":"category","embeddable":true,"href":"https:\/\/centralmedia.rs\/index.php\/wp-json\/wp\/v2\/categories?post=443"},{"taxonomy":"post_tag","embeddable":true,"href":"https:\/\/centralmedia.rs\/index.php\/wp-json\/wp\/v2\/tags?post=443"}],"curies":[{"name":"wp","href":"https:\/\/api.w.org\/{rel}","templated":true}]}}