{"id":4436,"date":"2016-08-27T16:24:42","date_gmt":"2016-08-27T16:24:42","guid":{"rendered":"http:\/\/centralmedia.rs\/?p=4436"},"modified":"2017-01-20T00:43:23","modified_gmt":"2017-01-20T00:43:23","slug":"svilajnacki-naprednjaci-u-rasulu-odbornica-prijavila-predsednika-da-joj-je-pretio","status":"publish","type":"post","link":"https:\/\/centralmedia.rs\/index.php\/2016\/08\/27\/svilajnacki-naprednjaci-u-rasulu-odbornica-prijavila-predsednika-da-joj-je-pretio\/","title":{"rendered":"SVILAJNA\u010cKI NAPREDNJACI U RASULU &#8211; ODBORNICA PRIJAVILA PREDSEDNIKA DA JOJ JE PRETIO"},"content":{"rendered":"<p>SVILAJNAC-Odbornica SNS u SO Svilajnac Tanja Markovi\u0107 zbog verbalnog napada i pretnji danas je policiji prijavila predsednika lokalnog SNS Branislava Marinkovi\u0107a. Njoj je ukazana pomo\u0107 u hitnoj pomo\u0107i, data joj je terapija zbog emotivnog \u0161oka i uznemirenja, te je upu\u0107ena na dalje preglede na Odeljenje neuropsihijatrije u \u0107uprijskoj bolnici. Marinkovi\u0107 nije \u017eeleo da komentari\u0161e optu\u017ebe odbornice.<br \/>\n-Pretio mi je da \u0107u da ostanem bez posla. Radim u EPS po ugovoru na odre\u0111eno vreme i jedina izdr\u017eavam \u010detovoro\u010dlanoj porodici. Rekao mi je da je zaslu\u017ean \u0161to sam dobila posao, kako je ulo\u017eio novac i obraz, a ja mu vra\u0107am na ne znam koji na\u010din. Kada sam ga pitala da li mi to pretite, rekao je prvo ne, a zatim da povi\u0161enim tonom potvrdio da preti i dodao da ,,tako vi\u0161e ne\u0107e mo\u0107i, vide\u0107ete \u0161ta \u0107e da bude\u201c. Iza\u0161la sam iz kancelarije SNS na ulicu, krenuo je zamnom i po\u010deo da me okrivljuje za sve i sva\u0161ta, pri\u010da potre\u0161ena Tanja Markovi\u0107, koja je zatim zatra\u017eila lekarsku pomo\u0107.<br \/>\nSve je po\u010delo kada je, po Tanjinim re\u010dima, pri\u0161ao Marinkovi\u0107 i , ispred velkog broja gra\u0111ana, po\u010deo da je napada kako ho\u0107e da ga smeni.<br \/>\n-Drao se i vikao na mene, optu\u017eivao me za ne\u0161to \u0161to nisam uradila, kada sam htela ne\u0161to da ka\u017eem odmah bi me prekidao, pri\u010dao mi je da sam neodgovorna, da se ne javljam na pozive, ne svra\u0107am u stranku, kroz jecaje se prise\u0107a Tanja i dodaje da je uzrok tom verbalnom napadu i pretnjama Marinkovi\u0107eva zabrinutost za politi\u010dku egzsitenciju posle prelaska \u010detvorice odbornika sa liste SNS vladaju\u0107oj ve\u0107ini koju \u010dine GG Svilajnac \u010duva Svilajnac i SPS.<\/p>\n<div id='gallery-1' class='gallery galleryid-4436 gallery-columns-2 gallery-size-thumbnail'><figure class='gallery-item'>\n\t\t\t<div class='gallery-icon landscape'>\n\t\t\t\t<a href='https:\/\/centralmedia.rs\/index.php\/2016\/08\/27\/svilajnacki-naprednjaci-u-rasulu-odbornica-prijavila-predsednika-da-joj-je-pretio\/tanja-markovic-svilajnac-f-b\/'><img loading=\"lazy\" decoding=\"async\" width=\"150\" height=\"150\" src=\"https:\/\/centralmedia.rs\/wp-content\/uploads\/2016\/08\/tanja-markovic-svilajnac-f.b.-150x150.jpg\" class=\"attachment-thumbnail size-thumbnail\" alt=\"\" aria-describedby=\"gallery-1-4438\" srcset=\"https:\/\/centralmedia.rs\/wp-content\/uploads\/2016\/08\/tanja-markovic-svilajnac-f.b.-150x150.jpg 150w, https:\/\/centralmedia.rs\/wp-content\/uploads\/2016\/08\/tanja-markovic-svilajnac-f.b.-300x300.jpg 300w, https:\/\/centralmedia.rs\/wp-content\/uploads\/2016\/08\/tanja-markovic-svilajnac-f.b..jpg 600w\" sizes=\"(max-width: 150px) 100vw, 150px\" \/><\/a>\n\t\t\t<\/div>\n\t\t\t\t<figcaption class='wp-caption-text gallery-caption' id='gallery-1-4438'>\n\t\t\t\tTanja Markovi\u0107\n\t\t\t\t<\/figcaption><\/figure><figure class='gallery-item'>\n\t\t\t<div class='gallery-icon landscape'>\n\t\t\t\t<a href='https:\/\/centralmedia.rs\/index.php\/2016\/08\/27\/svilajnacki-naprednjaci-u-rasulu-odbornica-prijavila-predsednika-da-joj-je-pretio\/branislav-marinkovic-i-milos-cuknic-u-sredini-svilajnac-sns\/'><img loading=\"lazy\" decoding=\"async\" width=\"150\" height=\"150\" src=\"https:\/\/centralmedia.rs\/wp-content\/uploads\/2016\/08\/branislav-marinkovic-i-milos-cuknic-u-sredini-svilajnac-sns-150x150.jpg\" class=\"attachment-thumbnail size-thumbnail\" alt=\"\" aria-describedby=\"gallery-1-4439\" \/><\/a>\n\t\t\t<\/div>\n\t\t\t\t<figcaption class='wp-caption-text gallery-caption' id='gallery-1-4439'>\n\t\t\t\tBranislav Marinkovi\u0107 i Milo\u0161 \u010cukni\u0107 u sredini\n\t\t\t\t<\/figcaption><\/figure>\n\t\t<\/div>\n\n<p>Predsednik gradskog odbora dr Milo\u0161 \u010cukni\u0107 osu\u0111uje verbalni napad i podr\u017eava odbornicu Tanju Markovi\u0107, te poziva Marinkovi\u0107a na odgovornost zbog prelaska \u010detvorice odbornika sa liste SNS na stranu vladaju\u0107e koalicije.<br \/>\n-To se nigde nije dogodilo u Srbiji da se odbornici SNS pridru\u017euju drugim koalicijama. Odgovornost za listu snosi predsednik svojim potpisom, a sva \u010detvorica su njegovi li\u010dni prijatelji i ranije \u010dlanovi grupe gra\u0111ana Pokret za Svilajnac, koja se utopila u SNS. Ne znamo ni da li su ti ljudi napustili SNS, ni da li \u0107e da vrate mandate. Ta GG i dalje postoji u Agenciji privredne registre i Marinkovi\u0107 je predsednik. Statut stranke to ne dozvoljava, ka\u017ee \u010cukni\u0107.<br \/>\nOn je potvrdio da je zakazao razgovor sa predsednikom IO SNS Darkom Gli\u0161i\u0107em, a ve\u0107 je razgovarao sa koordinatorom za Pomoravlje Du\u0161anom Adamovi\u0107em, ali ovaj doga\u0111aj je ,,prelio \u010da\u0161u\u201c nezadovoljstva u SNS.<br \/>\n-Postoji pravilnik o biranju kandidata za odbornike, koji nije po\u0161tovan. Me\u0111uljudski odnosi su totalno lo\u0161i. Delova\u0107emo u smeru da pro\u010distimo odbor i da posle toga krenemo napred, jer ovo je ipak SNS, zaklju\u010dio je \u010cukni\u0107.<\/p>\n<p>&nbsp;<\/p>\n<p><strong><em>Svilajna\u010dka razglednica \u2013 Projekat se realizuje uz pomo\u0107 sredstava iz bud\u017eeta Op\u0161tine Svilajnac.<\/em><\/strong><\/p>\n<p>&nbsp;<\/p>\n","protected":false},"excerpt":{"rendered":"<p>SVILAJNAC-Odbornica SNS u SO Svilajnac Tanja Markovi\u0107 zbog verbalnog napada i pretnji danas je policiji prijavila predsednika lokalnog SNS Branislava Marinkovi\u0107a. Njoj je ukazana pomo\u0107 &hellip; <\/p>\n","protected":false},"author":4,"featured_media":4437,"comment_status":"open","ping_status":"open","sticky":false,"template":"","format":"standard","meta":{"footnotes":""},"categories":[1524,20,2,887,1517],"tags":[130,1170,136,38],"_links":{"self":[{"href":"https:\/\/centralmedia.rs\/index.php\/wp-json\/wp\/v2\/posts\/4436"}],"collection":[{"href":"https:\/\/centralmedia.rs\/index.php\/wp-json\/wp\/v2\/posts"}],"about":[{"href":"https:\/\/centralmedia.rs\/index.php\/wp-json\/wp\/v2\/types\/post"}],"author":[{"embeddable":true,"href":"https:\/\/centralmedia.rs\/index.php\/wp-json\/wp\/v2\/users\/4"}],"replies":[{"embeddable":true,"href":"https:\/\/centralmedia.rs\/index.php\/wp-json\/wp\/v2\/comments?post=4436"}],"version-history":[{"count":0,"href":"https:\/\/centralmedia.rs\/index.php\/wp-json\/wp\/v2\/posts\/4436\/revisions"}],"wp:featuredmedia":[{"embeddable":true,"href":"https:\/\/centralmedia.rs\/index.php\/wp-json\/wp\/v2\/media\/4437"}],"wp:attachment":[{"href":"https:\/\/centralmedia.rs\/index.php\/wp-json\/wp\/v2\/media?parent=4436"}],"wp:term":[{"taxonomy":"category","embeddable":true,"href":"https:\/\/centralmedia.rs\/index.php\/wp-json\/wp\/v2\/categories?post=4436"},{"taxonomy":"post_tag","embeddable":true,"href":"https:\/\/centralmedia.rs\/index.php\/wp-json\/wp\/v2\/tags?post=4436"}],"curies":[{"name":"wp","href":"https:\/\/api.w.org\/{rel}","templated":true}]}}