{"id":4441,"date":"2016-08-27T22:41:32","date_gmt":"2016-08-27T22:41:32","guid":{"rendered":"http:\/\/centralmedia.rs\/?p=4441"},"modified":"2017-01-20T00:42:15","modified_gmt":"2017-01-20T00:42:15","slug":"cuprijska-crevarijada-okupila-8-000-ljudi-sampioni-lavovi-sa-morave","status":"publish","type":"post","link":"https:\/\/centralmedia.rs\/index.php\/2016\/08\/27\/cuprijska-crevarijada-okupila-8-000-ljudi-sampioni-lavovi-sa-morave\/","title":{"rendered":"\u0106UPRIJSKA CREVARIJADA OKUPILA 8.000 LJUDI &#8211; \u0160AMPIONI LAVOVI SA MORAVE"},"content":{"rendered":"<p>\u0106UPRIJA-Preko 8.000 u\u010desnika i posetilaca, po podacima Turisti\u010dke ogranizacije, prisustvovalo je danas 9. Crevarijadi u \u0106upriji. Crevca na ro\u0161tilju i ostale \u0111akonije od iznutrica i mesa bile su na meniju 54 ekipe iz cele Srbije. Prvo mesto osvojila je ekipa Lavovi sa Morave iz \u0106uprije, drugo Generali iz Aleksinca i tre\u0107e Pasuljijada- Sekuri\u010d iz Rekovca. Predsednica \u017eirija bila je glumica Ljiljana Stjepanovi\u0107.<\/p>\n<p><div id='gallery-1' class='gallery galleryid-4441 gallery-columns-4 gallery-size-full'><figure class='gallery-item'>\n\t\t\t<div class='gallery-icon landscape'>\n\t\t\t\t<a href='https:\/\/centralmedia.rs\/index.php\/2016\/08\/27\/cuprijska-crevarijada-okupila-8-000-ljudi-sampioni-lavovi-sa-morave\/crevarijada-takmicenje-u-pripremi-crevaca-cuprija-g-j\/'><img loading=\"lazy\" decoding=\"async\" width=\"900\" height=\"675\" src=\"https:\/\/centralmedia.rs\/wp-content\/uploads\/2016\/08\/crevarijada-takmicenje-u-pripremi-crevaca-cuprija-g.j..jpg\" class=\"attachment-full size-full\" alt=\"\" srcset=\"https:\/\/centralmedia.rs\/wp-content\/uploads\/2016\/08\/crevarijada-takmicenje-u-pripremi-crevaca-cuprija-g.j..jpg 900w, https:\/\/centralmedia.rs\/wp-content\/uploads\/2016\/08\/crevarijada-takmicenje-u-pripremi-crevaca-cuprija-g.j.-300x225.jpg 300w, https:\/\/centralmedia.rs\/wp-content\/uploads\/2016\/08\/crevarijada-takmicenje-u-pripremi-crevaca-cuprija-g.j.-768x576.jpg 768w, https:\/\/centralmedia.rs\/wp-content\/uploads\/2016\/08\/crevarijada-takmicenje-u-pripremi-crevaca-cuprija-g.j.-80x60.jpg 80w, https:\/\/centralmedia.rs\/wp-content\/uploads\/2016\/08\/crevarijada-takmicenje-u-pripremi-crevaca-cuprija-g.j.-265x198.jpg 265w\" sizes=\"(max-width: 900px) 100vw, 900px\" \/><\/a>\n\t\t\t<\/div><\/figure><figure class='gallery-item'>\n\t\t\t<div class='gallery-icon landscape'>\n\t\t\t\t<a href='https:\/\/centralmedia.rs\/index.php\/2016\/08\/27\/cuprijska-crevarijada-okupila-8-000-ljudi-sampioni-lavovi-sa-morave\/crevarijada-ziri-predsednica-ljiljana-stjepanovic-cuprija-g-j\/'><img loading=\"lazy\" decoding=\"async\" width=\"900\" height=\"675\" src=\"https:\/\/centralmedia.rs\/wp-content\/uploads\/2016\/08\/crevarijada-ziri-predsednica-ljiljana-stjepanovic-cuprija-g.j..jpg\" class=\"attachment-full size-full\" alt=\"\" srcset=\"https:\/\/centralmedia.rs\/wp-content\/uploads\/2016\/08\/crevarijada-ziri-predsednica-ljiljana-stjepanovic-cuprija-g.j..jpg 900w, https:\/\/centralmedia.rs\/wp-content\/uploads\/2016\/08\/crevarijada-ziri-predsednica-ljiljana-stjepanovic-cuprija-g.j.-300x225.jpg 300w, https:\/\/centralmedia.rs\/wp-content\/uploads\/2016\/08\/crevarijada-ziri-predsednica-ljiljana-stjepanovic-cuprija-g.j.-768x576.jpg 768w, https:\/\/centralmedia.rs\/wp-content\/uploads\/2016\/08\/crevarijada-ziri-predsednica-ljiljana-stjepanovic-cuprija-g.j.-80x60.jpg 80w, https:\/\/centralmedia.rs\/wp-content\/uploads\/2016\/08\/crevarijada-ziri-predsednica-ljiljana-stjepanovic-cuprija-g.j.-265x198.jpg 265w\" sizes=\"(max-width: 900px) 100vw, 900px\" \/><\/a>\n\t\t\t<\/div><\/figure><figure class='gallery-item'>\n\t\t\t<div class='gallery-icon landscape'>\n\t\t\t\t<a href='https:\/\/centralmedia.rs\/index.php\/2016\/08\/27\/cuprijska-crevarijada-okupila-8-000-ljudi-sampioni-lavovi-sa-morave\/crevarijada-5-cuprija-g-j\/'><img loading=\"lazy\" decoding=\"async\" width=\"900\" height=\"607\" src=\"https:\/\/centralmedia.rs\/wp-content\/uploads\/2016\/08\/crevarijada-5-cuprija-g.j..jpg\" class=\"attachment-full size-full\" alt=\"\" srcset=\"https:\/\/centralmedia.rs\/wp-content\/uploads\/2016\/08\/crevarijada-5-cuprija-g.j..jpg 900w, https:\/\/centralmedia.rs\/wp-content\/uploads\/2016\/08\/crevarijada-5-cuprija-g.j.-300x202.jpg 300w, https:\/\/centralmedia.rs\/wp-content\/uploads\/2016\/08\/crevarijada-5-cuprija-g.j.-768x518.jpg 768w\" sizes=\"(max-width: 900px) 100vw, 900px\" \/><\/a>\n\t\t\t<\/div><\/figure><figure class='gallery-item'>\n\t\t\t<div class='gallery-icon landscape'>\n\t\t\t\t<a href='https:\/\/centralmedia.rs\/index.php\/2016\/08\/27\/cuprijska-crevarijada-okupila-8-000-ljudi-sampioni-lavovi-sa-morave\/crevarijada-garavi-sokak-cuprija-g-j\/'><img loading=\"lazy\" decoding=\"async\" width=\"900\" height=\"619\" src=\"https:\/\/centralmedia.rs\/wp-content\/uploads\/2016\/08\/crevarijada-garavi-sokak-cuprija-g.j..jpg\" class=\"attachment-full size-full\" alt=\"\" srcset=\"https:\/\/centralmedia.rs\/wp-content\/uploads\/2016\/08\/crevarijada-garavi-sokak-cuprija-g.j..jpg 900w, https:\/\/centralmedia.rs\/wp-content\/uploads\/2016\/08\/crevarijada-garavi-sokak-cuprija-g.j.-300x206.jpg 300w, https:\/\/centralmedia.rs\/wp-content\/uploads\/2016\/08\/crevarijada-garavi-sokak-cuprija-g.j.-768x528.jpg 768w, https:\/\/centralmedia.rs\/wp-content\/uploads\/2016\/08\/crevarijada-garavi-sokak-cuprija-g.j.-100x70.jpg 100w, https:\/\/centralmedia.rs\/wp-content\/uploads\/2016\/08\/crevarijada-garavi-sokak-cuprija-g.j.-218x150.jpg 218w\" sizes=\"(max-width: 900px) 100vw, 900px\" \/><\/a>\n\t\t\t<\/div><\/figure>\n\t\t<\/div>\n<br \/>\n-Obo\u017eavam crevca i prezadovoljna sam pozivom da predsedavam \u017eirijem. U\u010desnici i posetioci su dobro raspolo\u017eeni, dobra je muzika, hrana tako\u0111e. Uvek \u0107u se odazvati ovakom pozivu, ne moram da budem u \u017eiriju, ali kuva\u0107u, kazala je Ljiljana Stjepanovi\u0107 i dodala da svako mesto u Srbiji treba da ima ovakvu manifestaciju kako bi se ljudi radovali u zajedni\u010dkim dru\u017eenjima.<\/p>\n<p><div id='gallery-2' class='gallery galleryid-4441 gallery-columns-4 gallery-size-full'><figure class='gallery-item'>\n\t\t\t<div class='gallery-icon landscape'>\n\t\t\t\t<a href='https:\/\/centralmedia.rs\/index.php\/2016\/08\/27\/cuprijska-crevarijada-okupila-8-000-ljudi-sampioni-lavovi-sa-morave\/crevarijada-1-cuprija-g-j\/'><img loading=\"lazy\" decoding=\"async\" width=\"900\" height=\"675\" src=\"https:\/\/centralmedia.rs\/wp-content\/uploads\/2016\/08\/crevarijada-1-cuprija-g.j..jpg\" class=\"attachment-full size-full\" alt=\"\" srcset=\"https:\/\/centralmedia.rs\/wp-content\/uploads\/2016\/08\/crevarijada-1-cuprija-g.j..jpg 900w, https:\/\/centralmedia.rs\/wp-content\/uploads\/2016\/08\/crevarijada-1-cuprija-g.j.-300x225.jpg 300w, https:\/\/centralmedia.rs\/wp-content\/uploads\/2016\/08\/crevarijada-1-cuprija-g.j.-768x576.jpg 768w, https:\/\/centralmedia.rs\/wp-content\/uploads\/2016\/08\/crevarijada-1-cuprija-g.j.-80x60.jpg 80w, https:\/\/centralmedia.rs\/wp-content\/uploads\/2016\/08\/crevarijada-1-cuprija-g.j.-265x198.jpg 265w\" sizes=\"(max-width: 900px) 100vw, 900px\" \/><\/a>\n\t\t\t<\/div><\/figure><figure class='gallery-item'>\n\t\t\t<div class='gallery-icon landscape'>\n\t\t\t\t<a href='https:\/\/centralmedia.rs\/index.php\/2016\/08\/27\/cuprijska-crevarijada-okupila-8-000-ljudi-sampioni-lavovi-sa-morave\/crevarijada-2-cuprija-g-j\/'><img loading=\"lazy\" decoding=\"async\" width=\"965\" height=\"600\" src=\"https:\/\/centralmedia.rs\/wp-content\/uploads\/2016\/08\/crevarijada-2-cuprija-g.j..jpg\" class=\"attachment-full size-full\" alt=\"\" srcset=\"https:\/\/centralmedia.rs\/wp-content\/uploads\/2016\/08\/crevarijada-2-cuprija-g.j..jpg 965w, https:\/\/centralmedia.rs\/wp-content\/uploads\/2016\/08\/crevarijada-2-cuprija-g.j.-300x187.jpg 300w, https:\/\/centralmedia.rs\/wp-content\/uploads\/2016\/08\/crevarijada-2-cuprija-g.j.-768x478.jpg 768w, https:\/\/centralmedia.rs\/wp-content\/uploads\/2016\/08\/crevarijada-2-cuprija-g.j.-356x220.jpg 356w\" sizes=\"(max-width: 965px) 100vw, 965px\" \/><\/a>\n\t\t\t<\/div><\/figure><figure class='gallery-item'>\n\t\t\t<div class='gallery-icon landscape'>\n\t\t\t\t<a href='https:\/\/centralmedia.rs\/index.php\/2016\/08\/27\/cuprijska-crevarijada-okupila-8-000-ljudi-sampioni-lavovi-sa-morave\/crevarijada-4-cuprija-g-j\/'><img loading=\"lazy\" decoding=\"async\" width=\"900\" height=\"626\" src=\"https:\/\/centralmedia.rs\/wp-content\/uploads\/2016\/08\/crevarijada-4-cuprija-g.j..jpg\" class=\"attachment-full size-full\" alt=\"\" srcset=\"https:\/\/centralmedia.rs\/wp-content\/uploads\/2016\/08\/crevarijada-4-cuprija-g.j..jpg 900w, https:\/\/centralmedia.rs\/wp-content\/uploads\/2016\/08\/crevarijada-4-cuprija-g.j.-300x209.jpg 300w, https:\/\/centralmedia.rs\/wp-content\/uploads\/2016\/08\/crevarijada-4-cuprija-g.j.-768x534.jpg 768w, https:\/\/centralmedia.rs\/wp-content\/uploads\/2016\/08\/crevarijada-4-cuprija-g.j.-100x70.jpg 100w\" sizes=\"(max-width: 900px) 100vw, 900px\" \/><\/a>\n\t\t\t<\/div><\/figure><figure class='gallery-item'>\n\t\t\t<div class='gallery-icon landscape'>\n\t\t\t\t<a href='https:\/\/centralmedia.rs\/index.php\/2016\/08\/27\/cuprijska-crevarijada-okupila-8-000-ljudi-sampioni-lavovi-sa-morave\/crevarijada-3-cuprija-g-j\/'><img loading=\"lazy\" decoding=\"async\" width=\"900\" height=\"675\" src=\"https:\/\/centralmedia.rs\/wp-content\/uploads\/2016\/08\/crevarijada-3-cuprija-g.j..jpg\" class=\"attachment-full size-full\" alt=\"\" srcset=\"https:\/\/centralmedia.rs\/wp-content\/uploads\/2016\/08\/crevarijada-3-cuprija-g.j..jpg 900w, https:\/\/centralmedia.rs\/wp-content\/uploads\/2016\/08\/crevarijada-3-cuprija-g.j.-300x225.jpg 300w, https:\/\/centralmedia.rs\/wp-content\/uploads\/2016\/08\/crevarijada-3-cuprija-g.j.-768x576.jpg 768w, https:\/\/centralmedia.rs\/wp-content\/uploads\/2016\/08\/crevarijada-3-cuprija-g.j.-80x60.jpg 80w, https:\/\/centralmedia.rs\/wp-content\/uploads\/2016\/08\/crevarijada-3-cuprija-g.j.-265x198.jpg 265w\" sizes=\"(max-width: 900px) 100vw, 900px\" \/><\/a>\n\t\t\t<\/div><\/figure>\n\t\t<\/div>\n<br \/>\nPohvala za najbolji \u0161tand pripala je Pustolovima, a najbolju dekoraciju imali su Penzioneri.<br \/>\n-Svake godine di\u017eemo lestvicu na vi\u0161i nivo. Bila nam je \u017eelja da ovo bude me\u0111ugradsko okupljanje, mislim da je ovo dobro za \u0106upri\u010dane, jer manifestacija treba da ostane njima i svim prijateljima grada. Svako ko voli \u0106upriju iz Jagodine, Para\u0107ina, Ni\u0161a&#8230; ima taj dan i mo\u017ee da do\u0111e da se ose\u0107a \u0106upri\u010daninom i pravim Crevarom, rekao je predsednik op\u0161tine Ninoslav Eri\u0107 i dodao da je cilj da na manifestaciji u\u010destvuje maksimalno 100 ekipa.<\/p>\n<p><div id='gallery-3' class='gallery galleryid-4441 gallery-columns-5 gallery-size-thumbnail'><figure class='gallery-item'>\n\t\t\t<div class='gallery-icon portrait'>\n\t\t\t\t<a href='https:\/\/centralmedia.rs\/index.php\/2016\/08\/27\/cuprijska-crevarijada-okupila-8-000-ljudi-sampioni-lavovi-sa-morave\/crevarijada-pobednik-lavovi-1-cuprija-g-j\/'><img loading=\"lazy\" decoding=\"async\" width=\"150\" height=\"150\" src=\"https:\/\/centralmedia.rs\/wp-content\/uploads\/2016\/08\/crevarijada-pobednik-lavovi-1-cuprija-g.j.-150x150.jpg\" class=\"attachment-thumbnail size-thumbnail\" alt=\"\" \/><\/a>\n\t\t\t<\/div><\/figure><figure class='gallery-item'>\n\t\t\t<div class='gallery-icon landscape'>\n\t\t\t\t<a href='https:\/\/centralmedia.rs\/index.php\/2016\/08\/27\/cuprijska-crevarijada-okupila-8-000-ljudi-sampioni-lavovi-sa-morave\/crevarijada-pustolovi-cuprija-g-j\/'><img loading=\"lazy\" decoding=\"async\" width=\"150\" height=\"150\" src=\"https:\/\/centralmedia.rs\/wp-content\/uploads\/2016\/08\/crevarijada-pustolovi-cuprija-g.j.-150x150.jpg\" class=\"attachment-thumbnail size-thumbnail\" alt=\"\" \/><\/a>\n\t\t\t<\/div><\/figure><figure class='gallery-item'>\n\t\t\t<div class='gallery-icon landscape'>\n\t\t\t\t<a href='https:\/\/centralmedia.rs\/index.php\/2016\/08\/27\/cuprijska-crevarijada-okupila-8-000-ljudi-sampioni-lavovi-sa-morave\/crevarijada-trubaci-cuprija-g-j\/'><img loading=\"lazy\" decoding=\"async\" width=\"150\" height=\"150\" src=\"https:\/\/centralmedia.rs\/wp-content\/uploads\/2016\/08\/crevarijada-trubaci-cuprija-g.j.-150x150.jpg\" class=\"attachment-thumbnail size-thumbnail\" alt=\"\" \/><\/a>\n\t\t\t<\/div><\/figure><figure class='gallery-item'>\n\t\t\t<div class='gallery-icon landscape'>\n\t\t\t\t<a href='https:\/\/centralmedia.rs\/index.php\/2016\/08\/27\/cuprijska-crevarijada-okupila-8-000-ljudi-sampioni-lavovi-sa-morave\/crevarijada-cuprija-g-j\/'><img loading=\"lazy\" decoding=\"async\" width=\"150\" height=\"150\" src=\"https:\/\/centralmedia.rs\/wp-content\/uploads\/2016\/08\/crevarijada-cuprija-g.j.-150x150.jpg\" class=\"attachment-thumbnail size-thumbnail\" alt=\"\" \/><\/a>\n\t\t\t<\/div><\/figure><figure class='gallery-item'>\n\t\t\t<div class='gallery-icon landscape'>\n\t\t\t\t<a href='https:\/\/centralmedia.rs\/index.php\/2016\/08\/27\/cuprijska-crevarijada-okupila-8-000-ljudi-sampioni-lavovi-sa-morave\/crevarijada-4-cuprija-g-j-2\/'><img loading=\"lazy\" decoding=\"async\" width=\"150\" height=\"150\" src=\"https:\/\/centralmedia.rs\/wp-content\/uploads\/2016\/08\/crevarijada-4-cuprija-g.j.-1-150x150.jpg\" class=\"attachment-thumbnail size-thumbnail\" alt=\"\" \/><\/a>\n\t\t\t<\/div><\/figure>\n\t\t<\/div>\n<br \/>\nSa\u0161a Traj\u010devski kapiten Lavova sa Morave ka\u017ee da nisu propustili ni jednu Crevarijadu i da su pobedili upornost, volja i ljubav, a \u0161to se ti\u010de pripreme crevaca najbitnija ljubav.U muzi\u010dkom delu programa nastupio je Garavi sokak.<\/p>\n<p><strong><em>Pozitivni primeri Razglednica iz <\/em><\/strong><strong><em>\u0106uprije<\/em><\/strong><strong><em> \u2013 Projekat se realizuje uz pomo\u0107 sredstava iz bud\u017eeta Op\u0161tine \u0106uprija.<\/em><\/strong><\/p>\n","protected":false},"excerpt":{"rendered":"<p>\u0106UPRIJA-Preko 8.000 u\u010desnika i posetilaca, po podacima Turisti\u010dke ogranizacije, prisustvovalo je danas 9. Crevarijadi u \u0106upriji. Crevca na ro\u0161tilju i ostale \u0111akonije od iznutrica i &hellip; <\/p>\n","protected":false},"author":4,"featured_media":4442,"comment_status":"open","ping_status":"open","sticky":false,"template":"","format":"standard","meta":{"footnotes":""},"categories":[1515,1524,2,23,887,31],"tags":[1171,44,1172],"_links":{"self":[{"href":"https:\/\/centralmedia.rs\/index.php\/wp-json\/wp\/v2\/posts\/4441"}],"collection":[{"href":"https:\/\/centralmedia.rs\/index.php\/wp-json\/wp\/v2\/posts"}],"about":[{"href":"https:\/\/centralmedia.rs\/index.php\/wp-json\/wp\/v2\/types\/post"}],"author":[{"embeddable":true,"href":"https:\/\/centralmedia.rs\/index.php\/wp-json\/wp\/v2\/users\/4"}],"replies":[{"embeddable":true,"href":"https:\/\/centralmedia.rs\/index.php\/wp-json\/wp\/v2\/comments?post=4441"}],"version-history":[{"count":0,"href":"https:\/\/centralmedia.rs\/index.php\/wp-json\/wp\/v2\/posts\/4441\/revisions"}],"wp:featuredmedia":[{"embeddable":true,"href":"https:\/\/centralmedia.rs\/index.php\/wp-json\/wp\/v2\/media\/4442"}],"wp:attachment":[{"href":"https:\/\/centralmedia.rs\/index.php\/wp-json\/wp\/v2\/media?parent=4441"}],"wp:term":[{"taxonomy":"category","embeddable":true,"href":"https:\/\/centralmedia.rs\/index.php\/wp-json\/wp\/v2\/categories?post=4441"},{"taxonomy":"post_tag","embeddable":true,"href":"https:\/\/centralmedia.rs\/index.php\/wp-json\/wp\/v2\/tags?post=4441"}],"curies":[{"name":"wp","href":"https:\/\/api.w.org\/{rel}","templated":true}]}}