{"id":4458,"date":"2016-08-28T12:31:03","date_gmt":"2016-08-28T12:31:03","guid":{"rendered":"http:\/\/centralmedia.rs\/?p=4458"},"modified":"2017-01-16T13:21:06","modified_gmt":"2017-01-16T13:21:06","slug":"viteski-festival-posetilo-50-000-ljudi-vitezovi-se-vratili-u-manasiju","status":"publish","type":"post","link":"https:\/\/centralmedia.rs\/index.php\/2016\/08\/28\/viteski-festival-posetilo-50-000-ljudi-vitezovi-se-vratili-u-manasiju\/","title":{"rendered":"VITE\u0160KI FESTIVAL  POSETILO 50.000 LJUDI &#8211; VITEZOVI SE VRATILI U MANASIJU"},"content":{"rendered":"<p>DESPOTOVAC-Trodnevni 2. Me\u0111unarodni vite\u0161ki festivalu Despot Stefan Lazarevi\u0107 \u2013Just out, koji se odr\u017eava ispod zidina manastira Manasija kod Despotovca, posetilo je preko 50.000 ljudi, potvrdio je direktor festivala Vladimir Blagojevi\u0107. Vitezovi iz cele Evrope su predstave izvodili u prirodnom amfiteatru na bini postavljenoj ispod manastira na obali Resave, ali i u Vite\u0161kom selu gde su razepeli \u0161atore.<br \/>\n-Rado se odazivamo pozivu da u\u010destvujemo u Vite\u0161kom turniru i budemo sa Belim orlovima i drugim grupama. Ovde prikazujemo na\u0161e ume\u0107e i opasne kaskade. Nadam se \u0107e naredni festivali otkriti Srbiji neispitan srednji vek, koji je jako ,,mra\u010dan\u201c za na\u0161u istoriju, ka\u017ee vo\u0111a SKA kaskaderskog tima Slavi\u0161a Ivanovi\u0107.<\/p>\n<p><div id='gallery-1' class='gallery galleryid-4458 gallery-columns-3 gallery-size-thumbnail'><figure class='gallery-item'>\n\t\t\t<div class='gallery-icon landscape'>\n\t\t\t\t<a href='https:\/\/centralmedia.rs\/index.php\/2016\/08\/28\/viteski-festival-posetilo-50-000-ljudi-vitezovi-se-vratili-u-manasiju\/slavisa-ivanovic-i-arsa-adgasi-despotovac-g-j\/'><img loading=\"lazy\" decoding=\"async\" width=\"150\" height=\"150\" src=\"https:\/\/centralmedia.rs\/wp-content\/uploads\/2016\/08\/slavisa-ivanovic-i-arsa-adgasi-despotovac-g.j.-150x150.jpg\" class=\"attachment-thumbnail size-thumbnail\" alt=\"\" \/><\/a>\n\t\t\t<\/div><\/figure><figure class='gallery-item'>\n\t\t\t<div class='gallery-icon landscape'>\n\t\t\t\t<a href='https:\/\/centralmedia.rs\/index.php\/2016\/08\/28\/viteski-festival-posetilo-50-000-ljudi-vitezovi-se-vratili-u-manasiju\/ukrajinske-princeze-despotovac-g-j\/'><img loading=\"lazy\" decoding=\"async\" width=\"150\" height=\"150\" src=\"https:\/\/centralmedia.rs\/wp-content\/uploads\/2016\/08\/ukrajinske-princeze-despotovac-g.j.-150x150.jpg\" class=\"attachment-thumbnail size-thumbnail\" alt=\"\" \/><\/a>\n\t\t\t<\/div><\/figure><figure class='gallery-item'>\n\t\t\t<div class='gallery-icon landscape'>\n\t\t\t\t<a href='https:\/\/centralmedia.rs\/index.php\/2016\/08\/28\/viteski-festival-posetilo-50-000-ljudi-vitezovi-se-vratili-u-manasiju\/viteski-festival-3-despotovac-g-j-2\/'><img loading=\"lazy\" decoding=\"async\" width=\"150\" height=\"150\" src=\"https:\/\/centralmedia.rs\/wp-content\/uploads\/2016\/08\/viteski-festival-3-despotovac-g.j.-1-150x150.jpg\" class=\"attachment-thumbnail size-thumbnail\" alt=\"\" \/><\/a>\n\t\t\t<\/div><\/figure>\n\t\t<\/div>\n<br \/>\nSvoje ume\u0107e prikazalo je 350 vitezova iz Bugarske, \u010ce\u0161ke, Slova\u010dke, Francuske, Hrvatske, Danske, Ma\u0111arske, Republike Srpske, Rumunije, \u0160vedske, Slovenije, Ukrajine, Italije i Srbije, kao i gosti sa drugih kontinenata.<br \/>\n-Prikazao sam specifi\u010dnu Arapsku borbu ma\u010dem i to se retko vi\u0111a na ovim prostorima. Nadam se da \u0107e arpaski vitezovi i dalje dolaziti na ovaj prelepi turinir, rekao je arapski vitez Ar\u0161a Adga\u0161i iz Teherana.<br \/>\nDoma\u0107in vite\u0161kog programa bili su Beli orlovi, a nastupili su Konji\u010dki klub Ljubi\u010devo, Srpska kaskaderska agencija SKA Tim sa istorijskim borbama, Ukrajinska plesna grupa JAH SURYA: Ples vatre i ma\u010da, Vite\u0161ke borbe: HEMA dueli i Bohurt borbe, dok je u ma\u010devanju kroz vekove prikazano srednjevekovno oklopno borenje 13 \u2013 14. vek, evropsko neoklopljeno ma\u010devanje 16 \u2013 17. vek i moderno ma\u010devanje 20 \u2013 21. Vek.<\/p>\n<p><div id='gallery-2' class='gallery galleryid-4458 gallery-columns-3 gallery-size-thumbnail'><figure class='gallery-item'>\n\t\t\t<div class='gallery-icon landscape'>\n\t\t\t\t<a href='https:\/\/centralmedia.rs\/index.php\/2016\/08\/28\/viteski-festival-posetilo-50-000-ljudi-vitezovi-se-vratili-u-manasiju\/vitesko-selo-despotovac-j-o\/'><img loading=\"lazy\" decoding=\"async\" width=\"150\" height=\"150\" src=\"https:\/\/centralmedia.rs\/wp-content\/uploads\/2016\/08\/vitesko-selo-despotovac-j.o.-150x150.jpg\" class=\"attachment-thumbnail size-thumbnail\" alt=\"\" \/><\/a>\n\t\t\t<\/div><\/figure><figure class='gallery-item'>\n\t\t\t<div class='gallery-icon landscape'>\n\t\t\t\t<a href='https:\/\/centralmedia.rs\/index.php\/2016\/08\/28\/viteski-festival-posetilo-50-000-ljudi-vitezovi-se-vratili-u-manasiju\/vitesko-selo-3-despotovac-j-o\/'><img loading=\"lazy\" decoding=\"async\" width=\"150\" height=\"150\" src=\"https:\/\/centralmedia.rs\/wp-content\/uploads\/2016\/08\/vitesko-selo-3-despotovac-j.o.-150x150.jpg\" class=\"attachment-thumbnail size-thumbnail\" alt=\"\" \/><\/a>\n\t\t\t<\/div><\/figure><figure class='gallery-item'>\n\t\t\t<div class='gallery-icon landscape'>\n\t\t\t\t<a href='https:\/\/centralmedia.rs\/index.php\/2016\/08\/28\/viteski-festival-posetilo-50-000-ljudi-vitezovi-se-vratili-u-manasiju\/vitesko-selo-2-despotovac-j-o\/'><img loading=\"lazy\" decoding=\"async\" width=\"150\" height=\"150\" src=\"https:\/\/centralmedia.rs\/wp-content\/uploads\/2016\/08\/vitesko-selo-2-despotovac-j.o.-150x150.jpg\" class=\"attachment-thumbnail size-thumbnail\" alt=\"\" \/><\/a>\n\t\t\t<\/div><\/figure>\n\t\t<\/div>\n<br \/>\n-Ljubi\u010devske konji\u010dke igre bile su gosti manastira Manasija i Vite\u0161kog festivala. Re\u010d je o izuzetnim ta\u010dkama koje ne mogu da vide van Ljubi\u010deva, drago mi je da je publika zadovoljna i da su na\u0161i Ljubi\u010devski vitezovi deo programa. Ambijent je izuzetan i nema takvog u Evropi, vo\u0111a Ljubi\u010devskog vi\u0161eboja Mladen Ivanovi\u0107.<br \/>\nPosetioci su se tokom celog dana kretali kroz Vite\u0161ko selo, gledali su stare zanate, oru\u017eja i oru\u0111a, prisustvovali srednjevekovnim borbama, sreli\u010darenju i ma\u010devanju.<\/p>\n<p>-Cilj nam je promocija kulturnog i istorisjkog nasle\u0111a Despota Stefana koji je bio u vitez reda Zmaja, kao i promocija manastira Manasija. Ceo svet treba da upozna grandiozan objekat i mislim da zaslu\u017euje svetsku promociju. Drugi cilj je podizanje Resavskog kraja. O\u010dekujem da 2018 godine imamo preko 20 zemalja u\u010desnica iz Evrope i sveta, rekao je direktro festivala Vladimir Blagojevi\u0107.<br \/>\nManastir Manasija je zadu\u017ebina despota Stefana Lazarevi\u0107a po\u010deo je da se zida 1407, a gradnja je okon\u010dana 1418. godine. Manastirska crkva je posve\u0107ena Svetoj Trojici, a osve\u0161tena je o prazniku Svetog duha.<\/p>\n<p><div id='gallery-3' class='gallery galleryid-4458 gallery-columns-3 gallery-size-thumbnail'><figure class='gallery-item'>\n\t\t\t<div class='gallery-icon landscape'>\n\t\t\t\t<a href='https:\/\/centralmedia.rs\/index.php\/2016\/08\/28\/viteski-festival-posetilo-50-000-ljudi-vitezovi-se-vratili-u-manasiju\/viteski-festival-manasija-despotovac-j-o\/'><img loading=\"lazy\" decoding=\"async\" width=\"150\" height=\"150\" src=\"https:\/\/centralmedia.rs\/wp-content\/uploads\/2016\/08\/viteski-festival-manasija-despotovac-j.o.-150x150.jpg\" class=\"attachment-thumbnail size-thumbnail\" alt=\"\" \/><\/a>\n\t\t\t<\/div><\/figure><figure class='gallery-item'>\n\t\t\t<div class='gallery-icon landscape'>\n\t\t\t\t<a href='https:\/\/centralmedia.rs\/index.php\/2016\/08\/28\/viteski-festival-posetilo-50-000-ljudi-vitezovi-se-vratili-u-manasiju\/viteski-festival-despotovac-g-j-2\/'><img loading=\"lazy\" decoding=\"async\" width=\"150\" height=\"150\" src=\"https:\/\/centralmedia.rs\/wp-content\/uploads\/2016\/08\/viteski-festival-despotovac-g.j.-1-150x150.jpg\" class=\"attachment-thumbnail size-thumbnail\" alt=\"\" \/><\/a>\n\t\t\t<\/div><\/figure><figure class='gallery-item'>\n\t\t\t<div class='gallery-icon landscape'>\n\t\t\t\t<a href='https:\/\/centralmedia.rs\/index.php\/2016\/08\/28\/viteski-festival-posetilo-50-000-ljudi-vitezovi-se-vratili-u-manasiju\/vitesko-selo-1-despotovac-j-o\/'><img loading=\"lazy\" decoding=\"async\" width=\"150\" height=\"150\" src=\"https:\/\/centralmedia.rs\/wp-content\/uploads\/2016\/08\/vitesko-selo-1-despotovac-j.o.-150x150.jpg\" class=\"attachment-thumbnail size-thumbnail\" alt=\"\" \/><\/a>\n\t\t\t<\/div><\/figure>\n\t\t<\/div>\n<br \/>\n-Priroda je bila veoma dare\u017eljiva prema Resavi pa nam je podarila Resavsku pe\u0107inu ,Hidro kompleks Lisine, vodapade Buk i Prskalo, pra\u0161umu Vinatova\u010du, zatim kulturno istorijske spomenike poput manastira Manasija, u novije vreme Muzej ugljarstva. To je sve prepoznatljivije i Vite\u0161kim festivalom se dodatno afirmi\u0161e i podi\u017ee na vi\u0161i nivo. Privla\u010dimo sve ve\u0107i broj zaljubljenika i po\u0161tovala tih znamenitosti. Nadamo se da \u0107e turizam za\u017eiveti, kazala je direktorka Turisti\u010dke organizacije Ana Bogdanovi\u0107.<br \/>\nManastir Manasija je na spisku lokaliteta koje \u0107e Vlada Srbije slede\u0107e godine predlo\u017eiti UNESKO da upi\u0161e u Svetsku ba\u0161tinu I stavi pod svoju za\u0161titu uvrstiv\u0161i ih u mesta od izuzetnog zna\u010daja za svetsku kulturu, nauku i obrazovanje.<\/p>\n<p><em><strong>Pozitivni primeri-Razglednica iz Despotovca \u2013 Projekat se realizuje uz pomo\u0107 sredstava iz bud\u017eeta Op\u0161tine Despotovac<\/strong><\/em><\/p>\n","protected":false},"excerpt":{"rendered":"<p>DESPOTOVAC-Trodnevni 2. Me\u0111unarodni vite\u0161ki festivalu Despot Stefan Lazarevi\u0107 \u2013Just out, koji se odr\u017eava ispod zidina manastira Manasija kod Despotovca, posetilo je preko 50.000 ljudi, potvrdio &hellip; <\/p>\n","protected":false},"author":4,"featured_media":4459,"comment_status":"open","ping_status":"open","sticky":false,"template":"","format":"standard","meta":{"footnotes":""},"categories":[1518,1524,2,23,887,31],"tags":[51,922,1168],"_links":{"self":[{"href":"https:\/\/centralmedia.rs\/index.php\/wp-json\/wp\/v2\/posts\/4458"}],"collection":[{"href":"https:\/\/centralmedia.rs\/index.php\/wp-json\/wp\/v2\/posts"}],"about":[{"href":"https:\/\/centralmedia.rs\/index.php\/wp-json\/wp\/v2\/types\/post"}],"author":[{"embeddable":true,"href":"https:\/\/centralmedia.rs\/index.php\/wp-json\/wp\/v2\/users\/4"}],"replies":[{"embeddable":true,"href":"https:\/\/centralmedia.rs\/index.php\/wp-json\/wp\/v2\/comments?post=4458"}],"version-history":[{"count":0,"href":"https:\/\/centralmedia.rs\/index.php\/wp-json\/wp\/v2\/posts\/4458\/revisions"}],"wp:featuredmedia":[{"embeddable":true,"href":"https:\/\/centralmedia.rs\/index.php\/wp-json\/wp\/v2\/media\/4459"}],"wp:attachment":[{"href":"https:\/\/centralmedia.rs\/index.php\/wp-json\/wp\/v2\/media?parent=4458"}],"wp:term":[{"taxonomy":"category","embeddable":true,"href":"https:\/\/centralmedia.rs\/index.php\/wp-json\/wp\/v2\/categories?post=4458"},{"taxonomy":"post_tag","embeddable":true,"href":"https:\/\/centralmedia.rs\/index.php\/wp-json\/wp\/v2\/tags?post=4458"}],"curies":[{"name":"wp","href":"https:\/\/api.w.org\/{rel}","templated":true}]}}