{"id":44637,"date":"2025-12-13T00:52:16","date_gmt":"2025-12-12T23:52:16","guid":{"rendered":"https:\/\/centralmedia.rs\/?p=44637"},"modified":"2025-12-13T00:52:16","modified_gmt":"2025-12-12T23:52:16","slug":"novogodisnja-carolija-na-ledu-u-jagodini","status":"publish","type":"post","link":"https:\/\/centralmedia.rs\/index.php\/2025\/12\/13\/novogodisnja-carolija-na-ledu-u-jagodini\/","title":{"rendered":"NOVOGODI\u0160NJA \u010cAROLIJA NA LEDU U JAGODINI"},"content":{"rendered":"\n<p>Dovedite mali\u0161ane i u\u017eivajte u prazni\u010dnoj bajci \u201ePotraga za Sne\u0161kom\u201c \u2014 pri\u010di koja svetluca i greje srca.<\/p>\n\n\n\n<figure class=\"wp-block-gallery has-nested-images columns-default is-cropped wp-block-gallery-1 is-layout-flex wp-block-gallery-is-layout-flex\">\n<figure class=\"wp-block-image size-large\"><img loading=\"lazy\" decoding=\"async\" width=\"651\" height=\"869\" data-id=\"44639\" src=\"https:\/\/centralmedia.rs\/wp-content\/uploads\/2025\/12\/carolija-1.png\" alt=\"\" class=\"wp-image-44639\" srcset=\"https:\/\/centralmedia.rs\/wp-content\/uploads\/2025\/12\/carolija-1.png 651w, https:\/\/centralmedia.rs\/wp-content\/uploads\/2025\/12\/carolija-1-225x300.png 225w\" sizes=\"(max-width: 651px) 100vw, 651px\" \/><\/figure>\n\n\n\n<figure class=\"wp-block-image size-large\"><img loading=\"lazy\" decoding=\"async\" width=\"662\" height=\"871\" data-id=\"44640\" src=\"https:\/\/centralmedia.rs\/wp-content\/uploads\/2025\/12\/carolija-2-1.png\" alt=\"\" class=\"wp-image-44640\" srcset=\"https:\/\/centralmedia.rs\/wp-content\/uploads\/2025\/12\/carolija-2-1.png 662w, https:\/\/centralmedia.rs\/wp-content\/uploads\/2025\/12\/carolija-2-1-228x300.png 228w\" sizes=\"(max-width: 662px) 100vw, 662px\" \/><\/figure>\n<\/figure>\n\n\n\n<p>Gradsko klizali\u0161te u Jagodini ponedeljak 29. decembar u 18.00.<\/p>\n","protected":false},"excerpt":{"rendered":"<p>Dovedite mali\u0161ane i u\u017eivajte u prazni\u010dnoj bajci \u201ePotraga za Sne\u0161kom\u201c \u2014 pri\u010di koja svetluca i greje srca. Gradsko klizali\u0161te u Jagodini ponedeljak 29. decembar u &hellip; <\/p>\n","protected":false},"author":2,"featured_media":44638,"comment_status":"closed","ping_status":"open","sticky":false,"template":"","format":"standard","meta":{"footnotes":""},"categories":[14,1524,1514,12],"tags":[58,6815],"_links":{"self":[{"href":"https:\/\/centralmedia.rs\/index.php\/wp-json\/wp\/v2\/posts\/44637"}],"collection":[{"href":"https:\/\/centralmedia.rs\/index.php\/wp-json\/wp\/v2\/posts"}],"about":[{"href":"https:\/\/centralmedia.rs\/index.php\/wp-json\/wp\/v2\/types\/post"}],"author":[{"embeddable":true,"href":"https:\/\/centralmedia.rs\/index.php\/wp-json\/wp\/v2\/users\/2"}],"replies":[{"embeddable":true,"href":"https:\/\/centralmedia.rs\/index.php\/wp-json\/wp\/v2\/comments?post=44637"}],"version-history":[{"count":1,"href":"https:\/\/centralmedia.rs\/index.php\/wp-json\/wp\/v2\/posts\/44637\/revisions"}],"predecessor-version":[{"id":44641,"href":"https:\/\/centralmedia.rs\/index.php\/wp-json\/wp\/v2\/posts\/44637\/revisions\/44641"}],"wp:featuredmedia":[{"embeddable":true,"href":"https:\/\/centralmedia.rs\/index.php\/wp-json\/wp\/v2\/media\/44638"}],"wp:attachment":[{"href":"https:\/\/centralmedia.rs\/index.php\/wp-json\/wp\/v2\/media?parent=44637"}],"wp:term":[{"taxonomy":"category","embeddable":true,"href":"https:\/\/centralmedia.rs\/index.php\/wp-json\/wp\/v2\/categories?post=44637"},{"taxonomy":"post_tag","embeddable":true,"href":"https:\/\/centralmedia.rs\/index.php\/wp-json\/wp\/v2\/tags?post=44637"}],"curies":[{"name":"wp","href":"https:\/\/api.w.org\/{rel}","templated":true}]}}