{"id":44661,"date":"2025-12-11T13:23:04","date_gmt":"2025-12-11T12:23:04","guid":{"rendered":"https:\/\/centralmedia.rs\/?p=44661"},"modified":"2025-12-13T13:23:16","modified_gmt":"2025-12-13T12:23:16","slug":"tomasevic-predsednik-olimpijskog-komiteta-srbije","status":"publish","type":"post","link":"https:\/\/centralmedia.rs\/index.php\/2025\/12\/11\/tomasevic-predsednik-olimpijskog-komiteta-srbije\/","title":{"rendered":"TOMA\u0160EVI\u0106 PREDSEDNIK OLIMPIJSKOG KOMITETA SRBIJE"},"content":{"rendered":"\n<p>Dejan Toma\u0161evi\u0107 izabran je za novog predsednika Olimpijskog komiteta Srbije na Sednici skup\u0161tine OKS odr\u017eanoj u <a><\/a>Etnografskom muzeju u Beogradu. Delegati Skup\u0161tine OKS danas su birali i \u010dlanove Izvr\u0161nog i Nadzornog odbora. U novom sazivu Izvr\u0161nog odbora Olimpijskog komiteta Srbije za ciklus Los An\u0111eles 2028 bi\u0107e:&nbsp;Nenad Borov\u010danin, predsednik Bokserskog saveza Srbije,&nbsp;Bo\u017eidar \u0110urkovi\u0107, predsednik Rukometnog saveza Srbije,&nbsp;Nevena Ignjatovi\u0107, predsednica Skija\u0161kog saveza Srbije,&nbsp;\u0110ula Me\u0161ter, predsednik Odbojka\u0161kog saveza Srbije,&nbsp;Mirko Ni\u0161ovi\u0107, predsednik Kajaka\u0161kog saveza Srbije,&nbsp;Nenad Petkovi\u0107, generalni sekretar Strelja\u010dkog saevza Srbije,&nbsp;Iva Popovi\u0107, predsednica Saveza za sinhrono plivanje Srbije,&nbsp;Branko Radujko, generalni sekretar Fudbalskog saveza Srbije,&nbsp;doc. dr Ivan Todorov,&nbsp;predsednik D\u017eudo federacije Srbije i&nbsp;Du\u0161an Goji\u0107, predsednik Biciklisti\u010dkog saveza Srbije.<\/p>\n\n\n\n<p>Nadzorni odbor u novom sazivu \u010dini\u0107e:&nbsp;Du\u0161an Vulevi\u0107&nbsp;iz Srpskog atletskog saveza,&nbsp;Jano\u0161 \u017demberi&nbsp;iz Fudbalskog saveza Srbije i&nbsp;Aleksandar Matkovi\u0107&nbsp;iz Stonoteniskog saveza Srbije.<\/p>\n\n\n\n<p>Na predlog novoizabranog predsednika \u010dlanovi Izvr\u0161nog odbora u novom sazivu bi\u0107e i&nbsp;Stojan Vujko&nbsp;i&nbsp;Davor Macura.<\/p>\n\n\n\n<p>Za novog generalnog sekretara Olimpijskog komiteta Srbije, na predlog predsednika Dejana Toma\u0161evi\u0107a, imenovan je&nbsp;Damir&nbsp;\u0160tajner, dosada\u0161nji izvr\u0161ni direktor OKS.<\/p>\n\n\n\n<p>Izvor OIK SRBIJA<\/p>\n","protected":false},"excerpt":{"rendered":"<p>Dejan Toma\u0161evi\u0107 izabran je za novog predsednika Olimpijskog komiteta Srbije na Sednici skup\u0161tine OKS odr\u017eanoj u Etnografskom muzeju u Beogradu. Delegati Skup\u0161tine OKS danas su &hellip; <\/p>\n","protected":false},"author":2,"featured_media":44663,"comment_status":"closed","ping_status":"open","sticky":false,"template":"","format":"standard","meta":{"footnotes":""},"categories":[13,21,12],"tags":[7179,7180],"_links":{"self":[{"href":"https:\/\/centralmedia.rs\/index.php\/wp-json\/wp\/v2\/posts\/44661"}],"collection":[{"href":"https:\/\/centralmedia.rs\/index.php\/wp-json\/wp\/v2\/posts"}],"about":[{"href":"https:\/\/centralmedia.rs\/index.php\/wp-json\/wp\/v2\/types\/post"}],"author":[{"embeddable":true,"href":"https:\/\/centralmedia.rs\/index.php\/wp-json\/wp\/v2\/users\/2"}],"replies":[{"embeddable":true,"href":"https:\/\/centralmedia.rs\/index.php\/wp-json\/wp\/v2\/comments?post=44661"}],"version-history":[{"count":1,"href":"https:\/\/centralmedia.rs\/index.php\/wp-json\/wp\/v2\/posts\/44661\/revisions"}],"predecessor-version":[{"id":44664,"href":"https:\/\/centralmedia.rs\/index.php\/wp-json\/wp\/v2\/posts\/44661\/revisions\/44664"}],"wp:featuredmedia":[{"embeddable":true,"href":"https:\/\/centralmedia.rs\/index.php\/wp-json\/wp\/v2\/media\/44663"}],"wp:attachment":[{"href":"https:\/\/centralmedia.rs\/index.php\/wp-json\/wp\/v2\/media?parent=44661"}],"wp:term":[{"taxonomy":"category","embeddable":true,"href":"https:\/\/centralmedia.rs\/index.php\/wp-json\/wp\/v2\/categories?post=44661"},{"taxonomy":"post_tag","embeddable":true,"href":"https:\/\/centralmedia.rs\/index.php\/wp-json\/wp\/v2\/tags?post=44661"}],"curies":[{"name":"wp","href":"https:\/\/api.w.org\/{rel}","templated":true}]}}