{"id":44665,"date":"2025-12-10T13:25:49","date_gmt":"2025-12-10T12:25:49","guid":{"rendered":"https:\/\/centralmedia.rs\/?p=44665"},"modified":"2025-12-13T13:26:20","modified_gmt":"2025-12-13T12:26:20","slug":"sreten-jocicpoznatiji-kao-joca-amsterdam-na-slobodi","status":"publish","type":"post","link":"https:\/\/centralmedia.rs\/index.php\/2025\/12\/10\/sreten-jocicpoznatiji-kao-joca-amsterdam-na-slobodi\/","title":{"rendered":"SRETEN JOCI\u0106,POZNATIJI KAO JOCA AMSTERDAM, NA SLOBODI"},"content":{"rendered":"\n<p>Sreten Joci\u0107 poznatiji kao Joca Amsterdam pu\u0161ten je na uslovnu slobodu odlukom Apelacionog suda u Beogradu.<\/p>\n\n\n\n<p>\u201eApelacioni sud u Beogradu, nakon odr\u017eane sednice ve\u0107a, doneo je 10. decembra 2025. godine re\u0161enje, kojim se uva\u017eavanjem \u017ealbe branioca osu\u0111enog, preina\u010dava prvostepeno re\u0161enje i osu\u0111eni Sreten Joci\u0107 uslovno otpu\u0161ta sa izdr\u017eavanja kazne zatvora od 15 godina, na koju je osu\u0111en presudom Vi\u0161eg suda u Beogradu 3. juna 2010. godine i odre\u0111uje da se isti ima odmah pustiti na slobodu, s tim \u0161to uslovni otpust mo\u017ee trajati najdu\u017ee do 28.februara 2026. godine\u201c, pi\u0161e na sajtu Apelacionog suda.<\/p>\n\n\n\n<p>Apelacionog suda navode da je odlu\u010deno da su se stekli svi zakonski uslovi za primenu instituta uslovnog otpusta prema Joci\u0107u budu\u0107i da iz izve\u0161taja ustanove u kojoj osu\u0111eni izdr\u017eava kaznu zatvora proizlazi da je ostvario \u201emaksimalni napredak u tretmanu i ostvarivanju programa postupanja, te da su op\u0161ti i individualni ciljevi ispunjeni, pa se po oceni ovog suda mo\u017ee sa osnovom o\u010dekivati da \u0107e se osu\u0111eni na slobodi dobro vladati, a naro\u010dito da do isteka vremena za koje je izre\u010dena kazna ne\u0107e izvr\u0161iti novo krivi\u010dno delo zbog \u010dega je ovaj sud usvojio \u017ealbu branioca osu\u0111enog i odlu\u010dio kao u izreci re\u0161enja\u201c.<\/p>\n\n\n\n<p>Joci\u0107 je poznat kao \u010dlan klana Amerika i u sukobu sa Legijom i Lukom Bojovi\u0107em, koji pre dve godine pu\u0161ten na slobodu.<\/p>\n","protected":false},"excerpt":{"rendered":"<p>Sreten Joci\u0107 poznatiji kao Joca Amsterdam pu\u0161ten je na uslovnu slobodu odlukom Apelacionog suda u Beogradu. \u201eApelacioni sud u Beogradu, nakon odr\u017eane sednice ve\u0107a, doneo &hellip; <\/p>\n","protected":false},"author":2,"featured_media":44666,"comment_status":"closed","ping_status":"open","sticky":false,"template":"","format":"standard","meta":{"footnotes":""},"categories":[20,12],"tags":[7181],"_links":{"self":[{"href":"https:\/\/centralmedia.rs\/index.php\/wp-json\/wp\/v2\/posts\/44665"}],"collection":[{"href":"https:\/\/centralmedia.rs\/index.php\/wp-json\/wp\/v2\/posts"}],"about":[{"href":"https:\/\/centralmedia.rs\/index.php\/wp-json\/wp\/v2\/types\/post"}],"author":[{"embeddable":true,"href":"https:\/\/centralmedia.rs\/index.php\/wp-json\/wp\/v2\/users\/2"}],"replies":[{"embeddable":true,"href":"https:\/\/centralmedia.rs\/index.php\/wp-json\/wp\/v2\/comments?post=44665"}],"version-history":[{"count":1,"href":"https:\/\/centralmedia.rs\/index.php\/wp-json\/wp\/v2\/posts\/44665\/revisions"}],"predecessor-version":[{"id":44667,"href":"https:\/\/centralmedia.rs\/index.php\/wp-json\/wp\/v2\/posts\/44665\/revisions\/44667"}],"wp:featuredmedia":[{"embeddable":true,"href":"https:\/\/centralmedia.rs\/index.php\/wp-json\/wp\/v2\/media\/44666"}],"wp:attachment":[{"href":"https:\/\/centralmedia.rs\/index.php\/wp-json\/wp\/v2\/media?parent=44665"}],"wp:term":[{"taxonomy":"category","embeddable":true,"href":"https:\/\/centralmedia.rs\/index.php\/wp-json\/wp\/v2\/categories?post=44665"},{"taxonomy":"post_tag","embeddable":true,"href":"https:\/\/centralmedia.rs\/index.php\/wp-json\/wp\/v2\/tags?post=44665"}],"curies":[{"name":"wp","href":"https:\/\/api.w.org\/{rel}","templated":true}]}}