{"id":44668,"date":"2025-12-09T13:27:45","date_gmt":"2025-12-09T12:27:45","guid":{"rendered":"https:\/\/centralmedia.rs\/?p=44668"},"modified":"2025-12-13T13:28:03","modified_gmt":"2025-12-13T12:28:03","slug":"krali-luksuzne-automobile-u-nemackoj-i-svajcarskoj-pa-ih-prodavali-u-srbiji","status":"publish","type":"post","link":"https:\/\/centralmedia.rs\/index.php\/2025\/12\/09\/krali-luksuzne-automobile-u-nemackoj-i-svajcarskoj-pa-ih-prodavali-u-srbiji\/","title":{"rendered":"KRALI LUKSUZNE AUTOMOBILE U NEMA\u010cKOJ I \u0160VAJCARSKOJ, PA IH PRODAVALI U SRBIJI"},"content":{"rendered":"\n<p>Pripadnici Ministarstva unutra\u0161njih poslova, uhapsili su \u010detiri osobe koje se sumnji\u010de da su <a><\/a>kao pripadnici organizovane kriminalne grupe nezakonito stekle ve\u0107u imovinsku korist prodajom luksuznih vozila ukradenih u Nema\u010dkoj i \u0160vajcarskoj.<\/p>\n\n\n\n<p>U akciji sprovedenoj u Kru\u0161evcu, \u0106upriji i Ra\u017enju uhap\u0161eni su D. M. (1978) koji se sumnji\u010di da je organizator ove OKG, kao i M. K. (1979), I. M. (1978) i S. B. (1961).<\/p>\n\n\n\n<p>Kako se sumnja, oni su od po\u010detka juna 2024. i tokom ove godine, falsifikovanim dokumentima iznajmljivali skupocene luksuzne automobile i kombije iz vi\u0161e rentakar agencija u Nema\u010dkoj i \u0160vajcarskoj, sa kojih su u Srbiji demontirali GPS ure\u0111aje \u010dime je bilo onemogu\u0107eno lociranje vozila od strane zakonitih vlasnika.<\/p>\n\n\n\n<p>Tako\u0111e su, kako se sumnja, falsifikovali identifikacione originalne brojeve \u0161asije kako bi prikrili \u010dinjenicu da su vozila ukradena i da je za njima raspisana me\u0111unarodna potraga.<\/p>\n\n\n\n<p>Nakon toga su, sumnja se, ova vozila prodavali i na taj na\u010din pribavili ve\u0107u protivpravnu imovinsku korist koju su delili po unapred postignutom dogovoru sa organizatorom shodno ulogama i zadacima u izvr\u0161enju krivi\u010dnih dela. Ujedno su svojim delovanjem za vi\u0161emilionski iznos o\u0161tetili vlasnike ovih vozila.<\/p>\n\n\n\n<p>Prilikom pretresa stanova i drugih prostorija koje su koristili pripadnici ove OKG, policijski slu\u017ebenici prona\u0161li su dva kombi vozila za kojima je raspisana Interpolova me\u0111unarodna potraga i ve\u0107i broj automobila novije proizvodnje.<\/p>\n\n\n\n<p>Osumnji\u010denima je odre\u0111eno zadr\u017eavanje do 48 \u010dasova i oni \u0107e, uz krivi\u010dnu prijavu za krivi\u010dna dela udru\u017eivanje radi vr\u0161enja krivi\u010dnih dela, prevara i prikrivanje, biti privedeni nadle\u017enom tu\u017eila\u0161tvu.<\/p>\n","protected":false},"excerpt":{"rendered":"<p>Pripadnici Ministarstva unutra\u0161njih poslova, uhapsili su \u010detiri osobe koje se sumnji\u010de da su kao pripadnici organizovane kriminalne grupe nezakonito stekle ve\u0107u imovinsku korist prodajom luksuznih &hellip; <\/p>\n","protected":false},"author":2,"featured_media":44669,"comment_status":"closed","ping_status":"open","sticky":false,"template":"","format":"standard","meta":{"footnotes":""},"categories":[20,12],"tags":[2862,7182],"_links":{"self":[{"href":"https:\/\/centralmedia.rs\/index.php\/wp-json\/wp\/v2\/posts\/44668"}],"collection":[{"href":"https:\/\/centralmedia.rs\/index.php\/wp-json\/wp\/v2\/posts"}],"about":[{"href":"https:\/\/centralmedia.rs\/index.php\/wp-json\/wp\/v2\/types\/post"}],"author":[{"embeddable":true,"href":"https:\/\/centralmedia.rs\/index.php\/wp-json\/wp\/v2\/users\/2"}],"replies":[{"embeddable":true,"href":"https:\/\/centralmedia.rs\/index.php\/wp-json\/wp\/v2\/comments?post=44668"}],"version-history":[{"count":1,"href":"https:\/\/centralmedia.rs\/index.php\/wp-json\/wp\/v2\/posts\/44668\/revisions"}],"predecessor-version":[{"id":44670,"href":"https:\/\/centralmedia.rs\/index.php\/wp-json\/wp\/v2\/posts\/44668\/revisions\/44670"}],"wp:featuredmedia":[{"embeddable":true,"href":"https:\/\/centralmedia.rs\/index.php\/wp-json\/wp\/v2\/media\/44669"}],"wp:attachment":[{"href":"https:\/\/centralmedia.rs\/index.php\/wp-json\/wp\/v2\/media?parent=44668"}],"wp:term":[{"taxonomy":"category","embeddable":true,"href":"https:\/\/centralmedia.rs\/index.php\/wp-json\/wp\/v2\/categories?post=44668"},{"taxonomy":"post_tag","embeddable":true,"href":"https:\/\/centralmedia.rs\/index.php\/wp-json\/wp\/v2\/tags?post=44668"}],"curies":[{"name":"wp","href":"https:\/\/api.w.org\/{rel}","templated":true}]}}