{"id":44673,"date":"2025-12-13T14:18:48","date_gmt":"2025-12-13T13:18:48","guid":{"rendered":"https:\/\/centralmedia.rs\/?p=44673"},"modified":"2025-12-13T14:19:07","modified_gmt":"2025-12-13T13:19:07","slug":"radar-prva-medunarodna-presuda-u-aferi-savamala","status":"publish","type":"post","link":"https:\/\/centralmedia.rs\/index.php\/2025\/12\/13\/radar-prva-medunarodna-presuda-u-aferi-savamala\/","title":{"rendered":"RADAR: Prva me\u0111unarodna presuda u aferi Savamala"},"content":{"rendered":"\n<p>Ru\u0161enje ograde preduze\u0107a Iskra d. o. o. iz Beograda po nalogu Milenijum tima i Beograda na vodi, koje je izvr\u0161eno 8. maja 2015, je po presudi Me\u0111unarodnog suda za ljudska prava u Strazburu to preduze\u0107e li\u0161ilo prava \u201ena mirno u\u017eivanje imovine\u201c<\/p>\n\n\n\n<p>Iako je Sud za ljudska prava u Strazburu jo\u0161 18. novembra doneo presudu u korist jedne od o\u0161te\u0107enih firmi tokom ru\u0161enja u Savamali \u2013 preduze\u0107a Iskra d. o. o. iz Beograda, i nalo\u017eio da Srbija u naredna tri meseca isplati Iskri 6.000 evra, sa eventualnim pripadaju\u0107im porezima, ova presuda je tek 5. decembra objavljena u Slu\u017ebenom glasniku. O\u010dito je da Slu\u017ebeni glasnik nije smatrao da prva me\u0111unarodna presuda kojom se potvr\u0111uje odgovornost dr\u017eave za ru\u0161enje u Savamali iziskuje hitnost, a naro\u010dito ne onoliku koju su primenili kada je SNS u parlamentu izglasao da se ovog puta \u201ezakonito\u201c sru\u0161i General\u0161tab i kada su tri sekunde nakon \u0161to je Vu\u010di\u0107 stavio potpis na leks specijalis od\u0161tampali izdanje.<\/p>\n\n\n\n<p>Samo na primeru Iskre d.o.o, imamo bez re\u0161enja o ru\u0161enj u sravnjenih 1.057 kvadrata poslovnog prostora, vezanog \u010duvara koji je naknadno pod nerazja\u0161njenim okolnostima preminuo i policiju koja se nije odazvala na Iskrin poziv<\/p>\n\n\n\n<p>A za\u0161to bi Slu\u017ebeni glasnik bio bolji ili br\u017ei od doma\u0107ih pravosudnih organa koji ve\u0107 devet godina nisu otkrili ni izvr\u0161ioce ni nalogodavce ne samo ru\u0161enja u Savamali, ve\u0107 i ru\u0161enja ustavnog i pravog poretka koje je te no\u0107i legalizovano i koje nas je danas dovelo do apsolutnog bezvla\u0161\u0107a u kom \u017eivimo? Samo na primeru Iskre (te no\u0107i su sru\u0161eni i objekti preduze\u0107a Transport Peroni i restoran Savski ekspres), imamo bez re\u0161enja o ru\u0161enju sravnjenih 1.057 kvadrata poslovnog prostora, vezanog \u010duvara koji je naknadno pod nerazja\u0161njenim okolnostima preminuo i policiju koja se nije odazvala na Iskrin poziv.<\/p>\n\n\n\n<p>Evropski sud za ljudska prava se u ovoj presudi nije bavio doga\u0111ajima iz te no\u0107i (to je posebna tu\u017eba) ve\u0107 samo prvom predstavkom koju je Iskra podnela, a koja se odnosi na uvodne radnje ru\u0161enja. Konkretno, na ru\u0161enje ograde ovog preduze\u0107a od strane Milenijum tima i Beograda na vodi koje je izvr\u0161eno 8. maja 2015, a koje je po mi\u0161ljenju Strazbura Iskru li\u0161ilo prava \u201ena mirno u\u017eivanje imovine\u201c. Iako je nov\u010dana nadoknada od 3.000 evra za nematerijalnu \u0161tetu i 3.000 evra za sudske tro\u0161kove gotovo simboli\u010dna, ova presuda \u0107e imati i druge pravne posledice. Pre svega Iskra d. o. o. ima prava da pred doma\u0107im sudovima ponovi postupak i da potra\u017euje nadoknadu materijalne \u0161tete, ali je i jasan signal doma\u0107im sudovima na koji na\u010din EU o\u010dekuje da se odnose prema predmetima u kojima je dr\u017eava (sud je procenio da dr\u017eava stoji iza postupaka Milenijum tima) u\u0161la na tu\u0111i posed.<\/p>\n\n\n\n<p>Izvor Radar<\/p>\n","protected":false},"excerpt":{"rendered":"<p>Ru\u0161enje ograde preduze\u0107a Iskra d. o. o. iz Beograda po nalogu Milenijum tima i Beograda na vodi, koje je izvr\u0161eno 8. maja 2015, je po &hellip; <\/p>\n","protected":false},"author":2,"featured_media":44674,"comment_status":"closed","ping_status":"open","sticky":false,"template":"","format":"standard","meta":{"footnotes":""},"categories":[20,12],"tags":[7186,7184],"_links":{"self":[{"href":"https:\/\/centralmedia.rs\/index.php\/wp-json\/wp\/v2\/posts\/44673"}],"collection":[{"href":"https:\/\/centralmedia.rs\/index.php\/wp-json\/wp\/v2\/posts"}],"about":[{"href":"https:\/\/centralmedia.rs\/index.php\/wp-json\/wp\/v2\/types\/post"}],"author":[{"embeddable":true,"href":"https:\/\/centralmedia.rs\/index.php\/wp-json\/wp\/v2\/users\/2"}],"replies":[{"embeddable":true,"href":"https:\/\/centralmedia.rs\/index.php\/wp-json\/wp\/v2\/comments?post=44673"}],"version-history":[{"count":2,"href":"https:\/\/centralmedia.rs\/index.php\/wp-json\/wp\/v2\/posts\/44673\/revisions"}],"predecessor-version":[{"id":44676,"href":"https:\/\/centralmedia.rs\/index.php\/wp-json\/wp\/v2\/posts\/44673\/revisions\/44676"}],"wp:featuredmedia":[{"embeddable":true,"href":"https:\/\/centralmedia.rs\/index.php\/wp-json\/wp\/v2\/media\/44674"}],"wp:attachment":[{"href":"https:\/\/centralmedia.rs\/index.php\/wp-json\/wp\/v2\/media?parent=44673"}],"wp:term":[{"taxonomy":"category","embeddable":true,"href":"https:\/\/centralmedia.rs\/index.php\/wp-json\/wp\/v2\/categories?post=44673"},{"taxonomy":"post_tag","embeddable":true,"href":"https:\/\/centralmedia.rs\/index.php\/wp-json\/wp\/v2\/tags?post=44673"}],"curies":[{"name":"wp","href":"https:\/\/api.w.org\/{rel}","templated":true}]}}