{"id":4492,"date":"2016-08-30T10:37:53","date_gmt":"2016-08-30T10:37:53","guid":{"rendered":"http:\/\/centralmedia.rs\/?p=4492"},"modified":"2016-08-30T10:37:53","modified_gmt":"2016-08-30T10:37:53","slug":"odlozeno-sudenje-za-pogibiju-kadeta","status":"publish","type":"post","link":"https:\/\/centralmedia.rs\/index.php\/2016\/08\/30\/odlozeno-sudenje-za-pogibiju-kadeta\/","title":{"rendered":"ODLO\u017dENO SU\u0110ENJE ZA POGIBIJU KADETA"},"content":{"rendered":"<p>JAGODINA-Predsednik Vi\u0161eg suda u Jagodini Dragan Jani\u0107ijevi\u0107 potvrdio je da je su\u0111enje majoru Vinku \u017dnidar\u0161i\u010du zbog pogibije dva i ranjavanja vi\u0161e kadeta Vojske Srbije na poligonu Pasuljanske livade zakazano za sredu, odlo\u017eeno za polovinu septembra zbog bolovanja sudije Lepomira Milosavljevi\u0107a. Na predhodnom ro\u010di\u0161tu ponovo su  poslati pozivi visokim oficirima Vojske Srbije, koji ranije nisu primili pozive za su\u0111enje, te je dat nalog policiji da ih prona\u0111e i uru\u010di pozive. Sudija Milosavljevi\u0107 je na poslednjem ro\u010di\u0161tu na pitanje tu\u017eila\u0161tva da li \u0107e biv\u0161i ministar Dragan \u0160utanovac biti pozvan da svedo\u010diti, odgovorio da \u0107e on biti pozvan na poslednje ro\u010di\u0161te glavnog pretresa ,,kao ,,zavr\u0161ni kamen\u201c u ovom procesu\u201c.<br \/>\n     Na Poligonu Pasuljanske livade kod \u0106uprije18. juna 2012. godine u toku priprema za ve\u017ebu &#8220;Diplomac 2012&#8221;, od zaostalog projektila automatskog baca\u010da granata, koga su kadeti prona\u0161li, a jedan od njih, navodno \u0161utnuo i izazvao eksploziju, poginulo je dvoje kadeta \u010detvrte godine Vojne akademije Milina Mileti\u0107 (23) iz Gornjeg Milanovca i Filip Milojevi\u0107 (24) iz Gornje Trnave kod Topole, a petoro kadeta povre\u0111eno.<\/p>\n","protected":false},"excerpt":{"rendered":"<p>JAGODINA-Predsednik Vi\u0161eg suda u Jagodini Dragan Jani\u0107ijevi\u0107 potvrdio je da je su\u0111enje majoru Vinku \u017dnidar\u0161i\u010du zbog pogibije dva i ranjavanja vi\u0161e kadeta Vojske Srbije na &hellip; <\/p>\n","protected":false},"author":4,"featured_media":3319,"comment_status":"open","ping_status":"open","sticky":false,"template":"","format":"standard","meta":{"footnotes":""},"categories":[20,2],"tags":[58,503,1176,856],"_links":{"self":[{"href":"https:\/\/centralmedia.rs\/index.php\/wp-json\/wp\/v2\/posts\/4492"}],"collection":[{"href":"https:\/\/centralmedia.rs\/index.php\/wp-json\/wp\/v2\/posts"}],"about":[{"href":"https:\/\/centralmedia.rs\/index.php\/wp-json\/wp\/v2\/types\/post"}],"author":[{"embeddable":true,"href":"https:\/\/centralmedia.rs\/index.php\/wp-json\/wp\/v2\/users\/4"}],"replies":[{"embeddable":true,"href":"https:\/\/centralmedia.rs\/index.php\/wp-json\/wp\/v2\/comments?post=4492"}],"version-history":[{"count":0,"href":"https:\/\/centralmedia.rs\/index.php\/wp-json\/wp\/v2\/posts\/4492\/revisions"}],"wp:featuredmedia":[{"embeddable":true,"href":"https:\/\/centralmedia.rs\/index.php\/wp-json\/wp\/v2\/media\/3319"}],"wp:attachment":[{"href":"https:\/\/centralmedia.rs\/index.php\/wp-json\/wp\/v2\/media?parent=4492"}],"wp:term":[{"taxonomy":"category","embeddable":true,"href":"https:\/\/centralmedia.rs\/index.php\/wp-json\/wp\/v2\/categories?post=4492"},{"taxonomy":"post_tag","embeddable":true,"href":"https:\/\/centralmedia.rs\/index.php\/wp-json\/wp\/v2\/tags?post=4492"}],"curies":[{"name":"wp","href":"https:\/\/api.w.org\/{rel}","templated":true}]}}