{"id":4494,"date":"2016-08-31T16:36:14","date_gmt":"2016-08-31T16:36:14","guid":{"rendered":"http:\/\/centralmedia.rs\/?p=4494"},"modified":"2017-01-20T00:32:23","modified_gmt":"2017-01-20T00:32:23","slug":"zavrsen-remont-te-morava-direktorka-ponosna-sam-na-zaposlene-sefove","status":"publish","type":"post","link":"https:\/\/centralmedia.rs\/index.php\/2016\/08\/31\/zavrsen-remont-te-morava-direktorka-ponosna-sam-na-zaposlene-sefove\/","title":{"rendered":"ZAVR\u0160EN REMONT TE MORAVA &#8211; DIREKTORKA : PONOSNA SAM NA ZAPOSLENE I \u0160EFOVE"},"content":{"rendered":"<p>SVILAJNAC-Ponosna sam na zaposlene i rukovodioce TE Morava, jer je ve\u0107ina morala, da bi se remont zavr\u0161io kako treba,da ostaje ovde i vi\u0161e od 24 sata u cugu. Zaista lavovski napor i na kraju ju\u010de smo sinhronizovali blok na mre\u017eu. Ve\u0107 danas radimo puno parom, zadovoljna sam jer smo se izborili za remont i prudu\u017eetak \u017eivota elektrane za najmanje 10 godina, kazala je direktorka TE Morava Marija Stevanovi\u0107.<\/p>\n<p><div id='gallery-1' class='gallery galleryid-4494 gallery-columns-3 gallery-size-full'><figure class='gallery-item'>\n\t\t\t<div class='gallery-icon landscape'>\n\t\t\t\t<a href='https:\/\/centralmedia.rs\/index.php\/2016\/08\/31\/zavrsen-remont-te-morava-direktorka-ponosna-sam-na-zaposlene-sefove\/te\/'><img loading=\"lazy\" decoding=\"async\" width=\"900\" height=\"675\" src=\"https:\/\/centralmedia.rs\/wp-content\/uploads\/2016\/08\/te.jpg\" class=\"attachment-full size-full\" alt=\"\" srcset=\"https:\/\/centralmedia.rs\/wp-content\/uploads\/2016\/08\/te.jpg 900w, https:\/\/centralmedia.rs\/wp-content\/uploads\/2016\/08\/te-300x225.jpg 300w, https:\/\/centralmedia.rs\/wp-content\/uploads\/2016\/08\/te-768x576.jpg 768w, https:\/\/centralmedia.rs\/wp-content\/uploads\/2016\/08\/te-80x60.jpg 80w, https:\/\/centralmedia.rs\/wp-content\/uploads\/2016\/08\/te-265x198.jpg 265w\" sizes=\"(max-width: 900px) 100vw, 900px\" \/><\/a>\n\t\t\t<\/div><\/figure><figure class='gallery-item'>\n\t\t\t<div class='gallery-icon landscape'>\n\t\t\t\t<a href='https:\/\/centralmedia.rs\/index.php\/2016\/08\/31\/zavrsen-remont-te-morava-direktorka-ponosna-sam-na-zaposlene-sefove\/te-1\/'><img loading=\"lazy\" decoding=\"async\" width=\"900\" height=\"675\" src=\"https:\/\/centralmedia.rs\/wp-content\/uploads\/2016\/08\/te-1.jpg\" class=\"attachment-full size-full\" alt=\"\" srcset=\"https:\/\/centralmedia.rs\/wp-content\/uploads\/2016\/08\/te-1.jpg 900w, https:\/\/centralmedia.rs\/wp-content\/uploads\/2016\/08\/te-1-300x225.jpg 300w, https:\/\/centralmedia.rs\/wp-content\/uploads\/2016\/08\/te-1-768x576.jpg 768w, https:\/\/centralmedia.rs\/wp-content\/uploads\/2016\/08\/te-1-80x60.jpg 80w, https:\/\/centralmedia.rs\/wp-content\/uploads\/2016\/08\/te-1-265x198.jpg 265w\" sizes=\"(max-width: 900px) 100vw, 900px\" \/><\/a>\n\t\t\t<\/div><\/figure><figure class='gallery-item'>\n\t\t\t<div class='gallery-icon landscape'>\n\t\t\t\t<a href='https:\/\/centralmedia.rs\/index.php\/2016\/08\/31\/zavrsen-remont-te-morava-direktorka-ponosna-sam-na-zaposlene-sefove\/te-2\/'><img loading=\"lazy\" decoding=\"async\" width=\"900\" height=\"675\" src=\"https:\/\/centralmedia.rs\/wp-content\/uploads\/2016\/08\/te-2.jpg\" class=\"attachment-full size-full\" alt=\"\" srcset=\"https:\/\/centralmedia.rs\/wp-content\/uploads\/2016\/08\/te-2.jpg 900w, https:\/\/centralmedia.rs\/wp-content\/uploads\/2016\/08\/te-2-300x225.jpg 300w, https:\/\/centralmedia.rs\/wp-content\/uploads\/2016\/08\/te-2-768x576.jpg 768w, https:\/\/centralmedia.rs\/wp-content\/uploads\/2016\/08\/te-2-80x60.jpg 80w, https:\/\/centralmedia.rs\/wp-content\/uploads\/2016\/08\/te-2-265x198.jpg 265w\" sizes=\"(max-width: 900px) 100vw, 900px\" \/><\/a>\n\t\t\t<\/div><\/figure>\n\t\t<\/div>\n<br \/>\nPosle zavr\u0161etka velikog remonta TE Morava kod Svilajnca i ju\u010dera\u0161njeg po\u010detka rada kotlova,te sinhronizacije na mre\u017eu EPS podaci sa merne stanice pokazuju do 16 puta manje zaga\u0111enje, odnosno sa 800 do 600 miligrama pra\u0161ine po kubiku vazduha na ispod 50 miligrama. Za jedanaest meseci u dve faze u protekle dve godine ralizovan je remont vredan 27 miliona evra.<br \/>\n-Zahvaljuju\u0107i donaciji EU od 4,383 miliona evra nabavili smo novi eklektrofilter koji da sadr\u017eaj pra\u0161kastih materija svodi na evropske standarde. Svilajn\u010dani mogu da odahnu. Posle remonta zagarantovan je pouzdan i bezbedan rad elektrane narednih deset godina, isti\u010de direktorka te elektrane<br \/>\nU saradnji sa Gra\u0111evinskim fakultetom ta elektrana prva u Srbiji zapo\u010dela je realizaciju sanacije pepeli\u0161a od 32 hektara i prakti\u010dnu primenu u industriji.<\/p>\n<p><div id='gallery-2' class='gallery galleryid-4494 gallery-columns-3 gallery-size-full'><figure class='gallery-item'>\n\t\t\t<div class='gallery-icon landscape'>\n\t\t\t\t<a href='https:\/\/centralmedia.rs\/index.php\/2016\/08\/31\/zavrsen-remont-te-morava-direktorka-ponosna-sam-na-zaposlene-sefove\/elektrana-u-radu-1-svilajnac-g-j\/'><img loading=\"lazy\" decoding=\"async\" width=\"900\" height=\"675\" src=\"https:\/\/centralmedia.rs\/wp-content\/uploads\/2016\/08\/elektrana-u-radu-1-svilajnac-g.j..jpg\" class=\"attachment-full size-full\" alt=\"\" srcset=\"https:\/\/centralmedia.rs\/wp-content\/uploads\/2016\/08\/elektrana-u-radu-1-svilajnac-g.j..jpg 900w, https:\/\/centralmedia.rs\/wp-content\/uploads\/2016\/08\/elektrana-u-radu-1-svilajnac-g.j.-300x225.jpg 300w, https:\/\/centralmedia.rs\/wp-content\/uploads\/2016\/08\/elektrana-u-radu-1-svilajnac-g.j.-768x576.jpg 768w, https:\/\/centralmedia.rs\/wp-content\/uploads\/2016\/08\/elektrana-u-radu-1-svilajnac-g.j.-80x60.jpg 80w, https:\/\/centralmedia.rs\/wp-content\/uploads\/2016\/08\/elektrana-u-radu-1-svilajnac-g.j.-265x198.jpg 265w\" sizes=\"(max-width: 900px) 100vw, 900px\" \/><\/a>\n\t\t\t<\/div><\/figure><figure class='gallery-item'>\n\t\t\t<div class='gallery-icon landscape'>\n\t\t\t\t<a href='https:\/\/centralmedia.rs\/index.php\/2016\/08\/31\/zavrsen-remont-te-morava-direktorka-ponosna-sam-na-zaposlene-sefove\/te-3\/'><img loading=\"lazy\" decoding=\"async\" width=\"3648\" height=\"2736\" src=\"https:\/\/centralmedia.rs\/wp-content\/uploads\/2016\/08\/te-3.jpg\" class=\"attachment-full size-full\" alt=\"\" srcset=\"https:\/\/centralmedia.rs\/wp-content\/uploads\/2016\/08\/te-3.jpg 3648w, https:\/\/centralmedia.rs\/wp-content\/uploads\/2016\/08\/te-3-300x225.jpg 300w, https:\/\/centralmedia.rs\/wp-content\/uploads\/2016\/08\/te-3-768x576.jpg 768w, https:\/\/centralmedia.rs\/wp-content\/uploads\/2016\/08\/te-3-1024x768.jpg 1024w, https:\/\/centralmedia.rs\/wp-content\/uploads\/2016\/08\/te-3-80x60.jpg 80w, https:\/\/centralmedia.rs\/wp-content\/uploads\/2016\/08\/te-3-265x198.jpg 265w\" sizes=\"(max-width: 3648px) 100vw, 3648px\" \/><\/a>\n\t\t\t<\/div><\/figure><figure class='gallery-item'>\n\t\t\t<div class='gallery-icon landscape'>\n\t\t\t\t<a href='https:\/\/centralmedia.rs\/index.php\/2016\/08\/31\/zavrsen-remont-te-morava-direktorka-ponosna-sam-na-zaposlene-sefove\/te-4\/'><img loading=\"lazy\" decoding=\"async\" width=\"900\" height=\"675\" src=\"https:\/\/centralmedia.rs\/wp-content\/uploads\/2016\/08\/te-4.jpg\" class=\"attachment-full size-full\" alt=\"\" srcset=\"https:\/\/centralmedia.rs\/wp-content\/uploads\/2016\/08\/te-4.jpg 900w, https:\/\/centralmedia.rs\/wp-content\/uploads\/2016\/08\/te-4-300x225.jpg 300w, https:\/\/centralmedia.rs\/wp-content\/uploads\/2016\/08\/te-4-768x576.jpg 768w, https:\/\/centralmedia.rs\/wp-content\/uploads\/2016\/08\/te-4-80x60.jpg 80w, https:\/\/centralmedia.rs\/wp-content\/uploads\/2016\/08\/te-4-265x198.jpg 265w\" sizes=\"(max-width: 900px) 100vw, 900px\" \/><\/a>\n\t\t\t<\/div><\/figure>\n\t\t<\/div>\n<br \/>\n-Na\u017ealost gra\u0111evinska industrija Srbije ne koristi pepeo, ali uradili smo projekte koji su pokazali da je pepeo mogu\u0107e upotrebiti prilikom izgradnje puteva, a prva deonica od 4 kilometra bi\u0107e uskoro realizovana. Tako\u0111e, gradi\u0107emo saobra\u0107nije od pepela u krugu elektrane. Sara\u0111ujemo sa svim na\u0161im fakultetima, recimo zahvaljju\u0107i pore\u010dnog gra\u0111evini u koritu Velike Morave obezbe\u0111en je kontinuirani rad elektrane tokom cele godine, \u010dak u u su\u0161nim periodima. To je jedinstveno re\u0161enje u svetu i do sada nam je u\u0161tedelo milone evra, obja\u0161njava Marija Stevanovi\u0107.<br \/>\nZaposleni u toj elektrani pri\u010daju da vi\u0161e ne mogu iz daljine da zaklju\u010de da li elektrana radi ili ne, jer nema dima kao ranije, prakti\u010dno na dimnjaku je sada samo belina. U elektrani planiraju da nabave ure\u0111aje za odsumporavanje i uklanjanje azotnih monoksida, te da, kako ka\u017eu, ubudu\u0107e rade bez ikakve \u0161tete po \u017eivotnu sredinu.<\/p>\n<p><strong><em>Svilajna\u010dka razglednica \u2013 Projekat se realizuje uz pomo\u0107 sredstava iz bud\u017eeta Op\u0161tine Svilajnac.<\/em><\/strong><\/p>\n","protected":false},"excerpt":{"rendered":"<p>SVILAJNAC-Ponosna sam na zaposlene i rukovodioce TE Morava, jer je ve\u0107ina morala, da bi se remont zavr\u0161io kako treba,da ostaje ovde i vi\u0161e od 24 &hellip; <\/p>\n","protected":false},"author":4,"featured_media":4495,"comment_status":"open","ping_status":"open","sticky":false,"template":"","format":"standard","meta":{"footnotes":""},"categories":[22,1524,2,887,1517],"tags":[38,292,1177],"_links":{"self":[{"href":"https:\/\/centralmedia.rs\/index.php\/wp-json\/wp\/v2\/posts\/4494"}],"collection":[{"href":"https:\/\/centralmedia.rs\/index.php\/wp-json\/wp\/v2\/posts"}],"about":[{"href":"https:\/\/centralmedia.rs\/index.php\/wp-json\/wp\/v2\/types\/post"}],"author":[{"embeddable":true,"href":"https:\/\/centralmedia.rs\/index.php\/wp-json\/wp\/v2\/users\/4"}],"replies":[{"embeddable":true,"href":"https:\/\/centralmedia.rs\/index.php\/wp-json\/wp\/v2\/comments?post=4494"}],"version-history":[{"count":0,"href":"https:\/\/centralmedia.rs\/index.php\/wp-json\/wp\/v2\/posts\/4494\/revisions"}],"wp:featuredmedia":[{"embeddable":true,"href":"https:\/\/centralmedia.rs\/index.php\/wp-json\/wp\/v2\/media\/4495"}],"wp:attachment":[{"href":"https:\/\/centralmedia.rs\/index.php\/wp-json\/wp\/v2\/media?parent=4494"}],"wp:term":[{"taxonomy":"category","embeddable":true,"href":"https:\/\/centralmedia.rs\/index.php\/wp-json\/wp\/v2\/categories?post=4494"},{"taxonomy":"post_tag","embeddable":true,"href":"https:\/\/centralmedia.rs\/index.php\/wp-json\/wp\/v2\/tags?post=4494"}],"curies":[{"name":"wp","href":"https:\/\/api.w.org\/{rel}","templated":true}]}}